{"id":48534,"date":"2026-04-08T12:23:08","date_gmt":"2026-04-08T10:23:08","guid":{"rendered":"https:\/\/www.grundschule-am-stadtpark-steglitz.de\/?p=48534"},"modified":"2026-04-08T12:23:08","modified_gmt":"2026-04-08T10:23:08","slug":"muesliriegel-obstsalat-in-der-klasse-1d","status":"publish","type":"post","link":"https:\/\/www.grundschule-am-stadtpark-steglitz.de\/?p=48534","title":{"rendered":"M\u00fcsliriegel &#038; Obstsalat in der Klasse 1d"},"content":{"rendered":"<p style=\"text-align: justify;\"><span style=\"color: #000000; font-size: 18pt; font-family: trebuchet ms, geneva, sans-serif;\"><strong><u>Ganztagsprojekt&nbsp; zum Thema \u201eGesund und fit\u201c<\/u><\/strong><\/span><\/p>\n<p style=\"text-align: justify;\"><strong><span style=\"color: #000000; font-size: 14pt; font-family: trebuchet ms, geneva, sans-serif;\">In der letzten Woche vor den Osterferien fand unser halbj\u00e4hrliches Ganztagsprojekt statt. Dieses Mal ging es um das Thema \u201eGesund und fit\u201c.<\/span><\/strong><\/p>\n<p style=\"text-align: justify;\"><span style=\"color: #000000; font-size: 12pt; font-family: trebuchet ms, geneva, sans-serif;\">Wir haben dar\u00fcber gesprochen, welche Lebensmittel wir gerne essen, welche gesund sind und welche wir vielleicht nur in Ma\u00dfen und nicht in Massen zu uns nehmen sollten. Au\u00dferdem haben wir besprochen, welches Obst und Gem\u00fcse wir kennen.<\/span><\/p>\n<p style=\"text-align: justify;\"><span style=\"color: #000000; font-size: 12pt; font-family: trebuchet ms, geneva, sans-serif;\">Danach wurden wir in zwei Gruppen aufgeteilt: Die eine Gruppe backte M\u00fcsliriegel, die andere Gruppe schnippelte einen Obstsalat. Beides war sooooo lecker!!! Schaut selbst! \ud83d\ude42&nbsp;<\/span><\/p>\n<p><a href=\"https:\/\/www.grundschule-am-stadtpark-steglitz.de\/wp-content\/uploads\/2026\/03\/K800_1-rotated.jpg\"><img loading=\"lazy\" decoding=\"async\" class=\"alignnone wp-image-48539\" src=\"https:\/\/www.grundschule-am-stadtpark-steglitz.de\/wp-content\/uploads\/2026\/03\/K800_1-225x300.jpg\" alt=\"\" width=\"300\" height=\"400\" srcset=\"https:\/\/www.grundschule-am-stadtpark-steglitz.de\/wp-content\/uploads\/2026\/03\/K800_1-225x300.jpg 225w, https:\/\/www.grundschule-am-stadtpark-steglitz.de\/wp-content\/uploads\/2026\/03\/K800_1-rotated.jpg 520w\" sizes=\"auto, (max-width: 300px) 100vw, 300px\" \/><\/a>&nbsp; &nbsp; &nbsp; <a href=\"https:\/\/www.grundschule-am-stadtpark-steglitz.de\/wp-content\/uploads\/2026\/03\/K800_2.jpg\"><img loading=\"lazy\" decoding=\"async\" class=\"alignnone wp-image-48540\" src=\"https:\/\/www.grundschule-am-stadtpark-steglitz.de\/wp-content\/uploads\/2026\/03\/K800_2-225x300.jpg\" alt=\"\" width=\"301\" height=\"401\" srcset=\"https:\/\/www.grundschule-am-stadtpark-steglitz.de\/wp-content\/uploads\/2026\/03\/K800_2-225x300.jpg 225w, https:\/\/www.grundschule-am-stadtpark-steglitz.de\/wp-content\/uploads\/2026\/03\/K800_2.jpg 520w\" sizes=\"auto, (max-width: 301px) 100vw, 301px\" \/><\/a><\/p>\n<p style=\"text-align: justify;\"><strong><span style=\"font-size: 12pt; font-family: trebuchet ms, geneva, sans-serif;\">Eure Klasse 1d mit Frau Sch\u00f6nitz und Frau Sandke<\/span><\/strong><\/p>\n","protected":false},"excerpt":{"rendered":"<p>Ganztagsprojekt&nbsp; zum Thema \u201eGesund und fit\u201c In der letzten Woche vor den Osterferien fand unser halbj\u00e4hrliches Ganztagsprojekt statt. Dieses Mal ging es um das Thema \u201eGesund und fit\u201c. Wir haben dar\u00fcber gesprochen, welche Lebensmittel wir gerne essen, welche gesund sind und welche wir vielleicht nur in Ma\u00dfen und nicht in Massen zu uns nehmen sollten.<\/p>\n<p><a class=\"more-link\" href=\"https:\/\/www.grundschule-am-stadtpark-steglitz.de\/?p=48534\">Mehr&#8230;<\/a><\/p>\n","protected":false},"author":2,"featured_media":0,"comment_status":"closed","ping_status":"closed","sticky":false,"template":"","format":"standard","meta":{"ngg_post_thumbnail":0,"footnotes":""},"categories":[220,6],"tags":[],"class_list":["post-48534","post","type-post","status-publish","format-standard","hentry","category-1d-fr-schoenitz","category-aktuelles"],"_links":{"self":[{"href":"https:\/\/www.grundschule-am-stadtpark-steglitz.de\/index.php?rest_route=\/wp\/v2\/posts\/48534","targetHints":{"allow":["GET"]}}],"collection":[{"href":"https:\/\/www.grundschule-am-stadtpark-steglitz.de\/index.php?rest_route=\/wp\/v2\/posts"}],"about":[{"href":"https:\/\/www.grundschule-am-stadtpark-steglitz.de\/index.php?rest_route=\/wp\/v2\/types\/post"}],"author":[{"embeddable":true,"href":"https:\/\/www.grundschule-am-stadtpark-steglitz.de\/index.php?rest_route=\/wp\/v2\/users\/2"}],"replies":[{"embeddable":true,"href":"https:\/\/www.grundschule-am-stadtpark-steglitz.de\/index.php?rest_route=%2Fwp%2Fv2%2Fcomments&post=48534"}],"version-history":[{"count":6,"href":"https:\/\/www.grundschule-am-stadtpark-steglitz.de\/index.php?rest_route=\/wp\/v2\/posts\/48534\/revisions"}],"predecessor-version":[{"id":48542,"href":"https:\/\/www.grundschule-am-stadtpark-steglitz.de\/index.php?rest_route=\/wp\/v2\/posts\/48534\/revisions\/48542"}],"wp:attachment":[{"href":"https:\/\/www.grundschule-am-stadtpark-steglitz.de\/index.php?rest_route=%2Fwp%2Fv2%2Fmedia&parent=48534"}],"wp:term":[{"taxonomy":"category","embeddable":true,"href":"https:\/\/www.grundschule-am-stadtpark-steglitz.de\/index.php?rest_route=%2Fwp%2Fv2%2Fcategories&post=48534"},{"taxonomy":"post_tag","embeddable":true,"href":"https:\/\/www.grundschule-am-stadtpark-steglitz.de\/index.php?rest_route=%2Fwp%2Fv2%2Ftags&post=48534"}],"curies":[{"name":"wp","href":"https:\/\/api.w.org\/{rel}","templated":true}]}}