{"id":47785,"date":"2025-12-04T04:20:41","date_gmt":"2025-12-04T03:20:41","guid":{"rendered":"https:\/\/www.grundschule-am-stadtpark-steglitz.de\/?p=47785"},"modified":"2025-12-04T04:20:41","modified_gmt":"2025-12-04T03:20:41","slug":"helferinnen-der-monate-16","status":"publish","type":"post","link":"https:\/\/www.grundschule-am-stadtpark-steglitz.de\/?p=47785","title":{"rendered":"Helfer:innen der Monate"},"content":{"rendered":"<p style=\"text-align: justify;\"><span style=\"font-size: 18pt; color: #000000;\"><strong>&#8230;OKTOBER und NOVEMBER 2025<\/strong><\/span><\/p>\n<p style=\"text-align: justify;\"><span style=\"text-decoration: underline;\"><span style=\"font-size: 14pt; color: #000000;\"><strong>Klasse 1d<\/strong><\/span><\/span><\/p>\n<p style=\"text-align: justify;\"><span style=\"font-size: 12pt; color: #000000;\"><a href=\"https:\/\/www.grundschule-am-stadtpark-steglitz.de\/wp-content\/uploads\/2025\/12\/Kerze.gif\"><img loading=\"lazy\" decoding=\"async\" class=\"size-full wp-image-47792 alignleft\" src=\"https:\/\/www.grundschule-am-stadtpark-steglitz.de\/wp-content\/uploads\/2025\/12\/Kerze.gif\" alt=\"\" width=\"69\" height=\"138\"><\/a>Die Schmetterlinge flogen zu den Haust\u00fcrbesuchen aus und wurden mit vielen Leckereien wie Muffins, Kuchen, Obst, Kekse usw. vor den jeweiligen Haust\u00fcren empfangen. 1000 Dank an die Eltern, die das erm\u00f6glicht haben! Die Schmetterlinge haben sich sehr dar\u00fcber gefreut (und Frau Sch\u00f6nitz auch)! \ud83d\ude00&nbsp;<\/span><\/p>\n<p style=\"text-align: justify;\"><span style=\"font-size: 12pt; color: #000000;\">Erw\u00e4hnen muss man in diesem Zusammenhang auch unbedingt <strong>Frau Akman<\/strong>, die uns an beiden Tagen begleitete. Dankesch\u00f6n!<\/span><\/p>\n<p style=\"text-align: justify;\"><em><span style=\"font-size: 12pt; color: #000000;\"><strong>B. Sch\u00f6nitz (Klassenlehrerin)\u2026f\u00fcr die Sch\u00fclerinnen und Sch\u00fcler der Klasse 1d<\/strong><\/span><\/em><\/p>\n<p style=\"text-align: justify;\"><span style=\"text-decoration: underline;\"><span style=\"font-size: 14pt; color: #000000;\"><strong>Klasse 3c<\/strong><\/span><\/span><\/p>\n<p style=\"text-align: justify;\"><span style=\"font-size: 12pt; color: #000000;\"><a href=\"https:\/\/www.grundschule-am-stadtpark-steglitz.de\/wp-content\/uploads\/2025\/12\/Kerze.gif\"><img loading=\"lazy\" decoding=\"async\" class=\"size-full wp-image-47792 alignright\" src=\"https:\/\/www.grundschule-am-stadtpark-steglitz.de\/wp-content\/uploads\/2025\/12\/Kerze.gif\" alt=\"\" width=\"69\" height=\"138\"><\/a>Die Klasse 3c bedankt sich bei allen Eltern, die flei\u00dfig Kuchen gebacken und beim Kuchenverkauf geholfen haben.<\/span><\/p>\n<p style=\"text-align: justify;\"><span style=\"font-size: 12pt; color: #000000;\">Alle Kinder der Klasse 3c sagen Danke an Frau Leber und Frau Orlia, die beim Ausflug in den Wald und in die Jugendkunstschule zur Unterst\u00fctzung dabei waren.<\/span><\/p>\n<p style=\"text-align: justify;\"><em><span style=\"font-size: 12pt; color: #000000;\"><strong>A. Breddin (Klassenlehrerin)\u2026f\u00fcr die Sch\u00fclerinnen und Sch\u00fcler der Klasse 3c<\/strong><\/span><\/em><\/p>\n<p style=\"text-align: justify;\"><span style=\"text-decoration: underline;\"><span style=\"font-size: 14pt; color: #000000;\"><strong>Klasse 4b<\/strong><\/span><\/span><\/p>\n<p style=\"text-align: justify;\"><span style=\"font-size: 12pt; color: #000000;\"><a href=\"https:\/\/www.grundschule-am-stadtpark-steglitz.de\/wp-content\/uploads\/2025\/12\/Kerze.gif\"><img loading=\"lazy\" decoding=\"async\" class=\"size-full wp-image-47792 alignleft\" src=\"https:\/\/www.grundschule-am-stadtpark-steglitz.de\/wp-content\/uploads\/2025\/12\/Kerze.gif\" alt=\"\" width=\"69\" height=\"138\"><\/a>Die Klasse 4b dankt\u2026<\/span><\/p>\n<p style=\"text-align: justify;\"><span style=\"font-size: 12pt; color: #000000;\">\u2026 Familie McFall, die uns K\u00fcchenrollen spendiert hat.<\/span><\/p>\n<p style=\"text-align: justify;\"><span style=\"font-size: 12pt; color: #000000;\">\u2026 Familie G\u00fcnther, die uns mit Klebefilm-Rollen f\u00fcr die Bastelsaison versorgt hat.<\/span><\/p>\n<p style=\"text-align: justify;\"><span style=\"font-size: 12pt; color: #000000;\">\u2026 Herrn Hoffmann, der uns spontan als Vertretung ins Museumsdorf D\u00fcppel begleitet hat.<\/span><\/p>\n<p style=\"text-align: justify;\"><span style=\"font-size: 12pt; color: #000000;\">Dankesch\u00f6n!!!<\/span><\/p>\n<p style=\"text-align: justify;\"><em><span style=\"font-size: 12pt; color: #000000;\"><strong>B. Wagatha (Klassenlehrerin)\u2026f\u00fcr die Sch\u00fclerinnen und Sch\u00fcler der Klasse 4b<\/strong><\/span><\/em><\/p>\n<p style=\"text-align: justify;\"><span style=\"text-decoration: underline;\"><span style=\"font-size: 14pt; color: #000000;\"><strong>Schule<\/strong><\/span><\/span><\/p>\n<p style=\"text-align: justify;\"><span style=\"font-size: 12pt; color: #000000;\">Wir danken Frau M. Senga (2a) ganz herzlich f\u00fcr die Spende von unz\u00e4hligen Kleberollen der Harold Dienstleistungs GmbH.<\/span><\/p>\n<p style=\"text-align: justify;\"><em><span style=\"font-size: 12pt; color: #000000;\"><strong>M. Oberth\u00fcr (Stellvertretender Schulleiter)<\/strong><\/span><\/em><\/p>\n","protected":false},"excerpt":{"rendered":"<p>&#8230;OKTOBER und NOVEMBER 2025 Klasse 1d Die Schmetterlinge flogen zu den Haust\u00fcrbesuchen aus und wurden mit vielen Leckereien wie Muffins, Kuchen, Obst, Kekse usw. vor den jeweiligen Haust\u00fcren empfangen. 1000 Dank an die Eltern, die das erm\u00f6glicht haben! Die Schmetterlinge haben sich sehr dar\u00fcber gefreut (und Frau Sch\u00f6nitz auch)! \ud83d\ude00&nbsp; Erw\u00e4hnen muss man in diesem<\/p>\n<p><a class=\"more-link\" href=\"https:\/\/www.grundschule-am-stadtpark-steglitz.de\/?p=47785\">Mehr&#8230;<\/a><\/p>\n","protected":false},"author":2,"featured_media":0,"comment_status":"closed","ping_status":"closed","sticky":false,"template":"","format":"standard","meta":{"ngg_post_thumbnail":0,"footnotes":""},"categories":[6,61],"tags":[],"class_list":["post-47785","post","type-post","status-publish","format-standard","hentry","category-aktuelles","category-helfer-des-monats"],"_links":{"self":[{"href":"https:\/\/www.grundschule-am-stadtpark-steglitz.de\/index.php?rest_route=\/wp\/v2\/posts\/47785","targetHints":{"allow":["GET"]}}],"collection":[{"href":"https:\/\/www.grundschule-am-stadtpark-steglitz.de\/index.php?rest_route=\/wp\/v2\/posts"}],"about":[{"href":"https:\/\/www.grundschule-am-stadtpark-steglitz.de\/index.php?rest_route=\/wp\/v2\/types\/post"}],"author":[{"embeddable":true,"href":"https:\/\/www.grundschule-am-stadtpark-steglitz.de\/index.php?rest_route=\/wp\/v2\/users\/2"}],"replies":[{"embeddable":true,"href":"https:\/\/www.grundschule-am-stadtpark-steglitz.de\/index.php?rest_route=%2Fwp%2Fv2%2Fcomments&post=47785"}],"version-history":[{"count":7,"href":"https:\/\/www.grundschule-am-stadtpark-steglitz.de\/index.php?rest_route=\/wp\/v2\/posts\/47785\/revisions"}],"predecessor-version":[{"id":47793,"href":"https:\/\/www.grundschule-am-stadtpark-steglitz.de\/index.php?rest_route=\/wp\/v2\/posts\/47785\/revisions\/47793"}],"wp:attachment":[{"href":"https:\/\/www.grundschule-am-stadtpark-steglitz.de\/index.php?rest_route=%2Fwp%2Fv2%2Fmedia&parent=47785"}],"wp:term":[{"taxonomy":"category","embeddable":true,"href":"https:\/\/www.grundschule-am-stadtpark-steglitz.de\/index.php?rest_route=%2Fwp%2Fv2%2Fcategories&post=47785"},{"taxonomy":"post_tag","embeddable":true,"href":"https:\/\/www.grundschule-am-stadtpark-steglitz.de\/index.php?rest_route=%2Fwp%2Fv2%2Ftags&post=47785"}],"curies":[{"name":"wp","href":"https:\/\/api.w.org\/{rel}","templated":true}]}}