{"id":47340,"date":"2025-10-19T06:22:12","date_gmt":"2025-10-19T04:22:12","guid":{"rendered":"https:\/\/www.grundschule-am-stadtpark-steglitz.de\/?p=47340"},"modified":"2025-10-19T06:22:12","modified_gmt":"2025-10-19T04:22:12","slug":"erster-spielenachmittag-im-hort","status":"publish","type":"post","link":"https:\/\/www.grundschule-am-stadtpark-steglitz.de\/?p=47340","title":{"rendered":"Erster Spielenachmittag im Hort&#8230;"},"content":{"rendered":"<p style=\"text-align: center;\"><span style=\"color: #000000; font-size: 18pt; font-family: trebuchet ms, geneva, sans-serif;\"><strong>&#8230;in diesem Schuljahr<\/strong><\/span><\/p>\n<p style=\"text-align: center;\"><span style=\"color: #000000; font-size: 12pt; font-family: trebuchet ms, geneva, sans-serif;\"><strong>Liebe Kinder, liebe Eltern, <\/strong><\/span><\/p>\n<p style=\"text-align: center;\"><span style=\"color: #000000; font-size: 12pt; font-family: trebuchet ms, geneva, sans-serif;\">Konzentration, Schnelligkeit und gro\u00dfes Staunen gab es bei uns am letzten Spielenachmittag mit Elterncaf\u00e9 am 10.10.2025!<\/span><\/p>\n<p style=\"text-align: center;\"><span style=\"color: #000000; font-size: 12pt; font-family: trebuchet ms, geneva, sans-serif;\">W\u00e4hrend die K\u00f6pfe beim Schachspielen am Gl\u00fchen waren, wurde im Kreativraum flei\u00dfig gebastelt, hier war bei<br \/>\nbeiden Angeboten eindeutig Fingerspitzengef\u00fchl gefragt!<\/span><\/p>\n<p style=\"text-align: center;\"><span style=\"color: #000000; font-size: 12pt; font-family: trebuchet ms, geneva, sans-serif;\"><a href=\"https:\/\/www.grundschule-am-stadtpark-steglitz.de\/wp-content\/uploads\/2025\/10\/K800_Bild-1.jpg\"><img loading=\"lazy\" decoding=\"async\" class=\"alignnone size-medium wp-image-47344\" src=\"https:\/\/www.grundschule-am-stadtpark-steglitz.de\/wp-content\/uploads\/2025\/10\/K800_Bild-1-300x200.jpg\" alt=\"\" width=\"300\" height=\"200\" srcset=\"https:\/\/www.grundschule-am-stadtpark-steglitz.de\/wp-content\/uploads\/2025\/10\/K800_Bild-1-300x200.jpg 300w, https:\/\/www.grundschule-am-stadtpark-steglitz.de\/wp-content\/uploads\/2025\/10\/K800_Bild-1-768x512.jpg 768w, https:\/\/www.grundschule-am-stadtpark-steglitz.de\/wp-content\/uploads\/2025\/10\/K800_Bild-1.jpg 900w\" sizes=\"auto, (max-width: 300px) 100vw, 300px\" \/><\/a> <a href=\"https:\/\/www.grundschule-am-stadtpark-steglitz.de\/wp-content\/uploads\/2025\/10\/K800_Bild-2.jpg\"><img loading=\"lazy\" decoding=\"async\" class=\"alignnone size-medium wp-image-47345\" src=\"https:\/\/www.grundschule-am-stadtpark-steglitz.de\/wp-content\/uploads\/2025\/10\/K800_Bild-2-300x200.jpg\" alt=\"\" width=\"300\" height=\"200\" srcset=\"https:\/\/www.grundschule-am-stadtpark-steglitz.de\/wp-content\/uploads\/2025\/10\/K800_Bild-2-300x200.jpg 300w, https:\/\/www.grundschule-am-stadtpark-steglitz.de\/wp-content\/uploads\/2025\/10\/K800_Bild-2-768x512.jpg 768w, https:\/\/www.grundschule-am-stadtpark-steglitz.de\/wp-content\/uploads\/2025\/10\/K800_Bild-2.jpg 900w\" sizes=\"auto, (max-width: 300px) 100vw, 300px\" \/><\/a><\/span><\/p>\n<p style=\"text-align: center;\"><span style=\"color: #000000; font-size: 12pt; font-family: trebuchet ms, geneva, sans-serif;\">Wen es nach drau\u00dfen verschlagen hat, konnte Teil eines spanenden Experimentes werden, es wird bis heute noch gestaunt!<\/span><\/p>\n<p style=\"text-align: center;\"><span style=\"color: #000000; font-size: 12pt; font-family: trebuchet ms, geneva, sans-serif;\"><a href=\"https:\/\/www.grundschule-am-stadtpark-steglitz.de\/wp-content\/uploads\/2025\/10\/K800_Bild-3.jpg\"><img loading=\"lazy\" decoding=\"async\" class=\"alignnone size-full wp-image-47346\" src=\"https:\/\/www.grundschule-am-stadtpark-steglitz.de\/wp-content\/uploads\/2025\/10\/K800_Bild-3.jpg\" alt=\"\" width=\"900\" height=\"600\" srcset=\"https:\/\/www.grundschule-am-stadtpark-steglitz.de\/wp-content\/uploads\/2025\/10\/K800_Bild-3.jpg 900w, https:\/\/www.grundschule-am-stadtpark-steglitz.de\/wp-content\/uploads\/2025\/10\/K800_Bild-3-300x200.jpg 300w, https:\/\/www.grundschule-am-stadtpark-steglitz.de\/wp-content\/uploads\/2025\/10\/K800_Bild-3-768x512.jpg 768w\" sizes=\"auto, (max-width: 900px) 100vw, 900px\" \/><\/a><\/span><\/p>\n<p style=\"text-align: center;\"><span style=\"color: #000000; font-size: 12pt; font-family: trebuchet ms, geneva, sans-serif;\">Wer sich mit anderen messen wollte, war im Bauraum genau richtig!<\/span><\/p>\n<p style=\"text-align: center;\"><span style=\"color: #000000; font-size: 12pt; font-family: trebuchet ms, geneva, sans-serif;\"><a href=\"https:\/\/www.grundschule-am-stadtpark-steglitz.de\/wp-content\/uploads\/2025\/10\/K800_Bild-4.jpg\"><img loading=\"lazy\" decoding=\"async\" class=\"alignnone size-full wp-image-47347\" src=\"https:\/\/www.grundschule-am-stadtpark-steglitz.de\/wp-content\/uploads\/2025\/10\/K800_Bild-4.jpg\" alt=\"\" width=\"900\" height=\"600\" srcset=\"https:\/\/www.grundschule-am-stadtpark-steglitz.de\/wp-content\/uploads\/2025\/10\/K800_Bild-4.jpg 900w, https:\/\/www.grundschule-am-stadtpark-steglitz.de\/wp-content\/uploads\/2025\/10\/K800_Bild-4-300x200.jpg 300w, https:\/\/www.grundschule-am-stadtpark-steglitz.de\/wp-content\/uploads\/2025\/10\/K800_Bild-4-768x512.jpg 768w\" sizes=\"auto, (max-width: 900px) 100vw, 900px\" \/><\/a><\/span><\/p>\n<p style=\"text-align: center;\"><span style=\"color: #000000; font-size: 12pt; font-family: trebuchet ms, geneva, sans-serif;\">Bei Kaffee und selbstgebackenen Keksen von den Kindern f\u00fcr die Eltern konnten diese im Gelben Raum den Tag ausklingen lassen oder mit ihren Kindern Spiele ausprobieren.<\/span><\/p>\n<p style=\"text-align: center;\"><span style=\"color: #000000; font-size: 12pt; font-family: trebuchet ms, geneva, sans-serif;\"><a href=\"https:\/\/www.grundschule-am-stadtpark-steglitz.de\/wp-content\/uploads\/2025\/10\/K800_Bild-5.jpg\"><img loading=\"lazy\" decoding=\"async\" class=\"alignnone size-full wp-image-47348\" src=\"https:\/\/www.grundschule-am-stadtpark-steglitz.de\/wp-content\/uploads\/2025\/10\/K800_Bild-5.jpg\" alt=\"\" width=\"900\" height=\"600\" srcset=\"https:\/\/www.grundschule-am-stadtpark-steglitz.de\/wp-content\/uploads\/2025\/10\/K800_Bild-5.jpg 900w, https:\/\/www.grundschule-am-stadtpark-steglitz.de\/wp-content\/uploads\/2025\/10\/K800_Bild-5-300x200.jpg 300w, https:\/\/www.grundschule-am-stadtpark-steglitz.de\/wp-content\/uploads\/2025\/10\/K800_Bild-5-768x512.jpg 768w\" sizes=\"auto, (max-width: 900px) 100vw, 900px\" \/><\/a><\/span><\/p>\n<p style=\"text-align: center;\"><span style=\"color: #000000; font-size: 12pt; font-family: trebuchet ms, geneva, sans-serif;\"><strong>Wir freuen uns darauf, Sie und Euch im Fr\u00fchjahr am 20.03.2026 beim n\u00e4chsten Mal wieder zum Spielen und Kaffee trinken zu begr\u00fc\u00dfen!<\/strong><\/span><\/p>\n<p style=\"text-align: center;\"><span style=\"color: #000000; font-size: 12pt; font-family: trebuchet ms, geneva, sans-serif;\"><strong>Herbstliche Gr\u00fc\u00dfe aus dem Hort am Stadtpark<br \/>\n<\/strong><\/span><span style=\"font-size: 12pt; font-family: trebuchet ms, geneva, sans-serif;\"><strong><span style=\"color: #000000;\">von Alexander Dewitz und Petra Schuler<\/span> <\/strong><\/span><\/p>\n","protected":false},"excerpt":{"rendered":"<p>&#8230;in diesem Schuljahr Liebe Kinder, liebe Eltern, Konzentration, Schnelligkeit und gro\u00dfes Staunen gab es bei uns am letzten Spielenachmittag mit Elterncaf\u00e9 am 10.10.2025! W\u00e4hrend die K\u00f6pfe beim Schachspielen am Gl\u00fchen waren, wurde im Kreativraum flei\u00dfig gebastelt, hier war bei beiden Angeboten eindeutig Fingerspitzengef\u00fchl gefragt! Wen es nach drau\u00dfen verschlagen hat, konnte Teil eines spanenden Experimentes<\/p>\n<p><a class=\"more-link\" href=\"https:\/\/www.grundschule-am-stadtpark-steglitz.de\/?p=47340\">Mehr&#8230;<\/a><\/p>\n","protected":false},"author":2,"featured_media":0,"comment_status":"closed","ping_status":"closed","sticky":false,"template":"","format":"standard","meta":{"ngg_post_thumbnail":0,"footnotes":""},"categories":[6,77],"tags":[],"class_list":["post-47340","post","type-post","status-publish","format-standard","hentry","category-aktuelles","category-tolle-aktionen"],"_links":{"self":[{"href":"https:\/\/www.grundschule-am-stadtpark-steglitz.de\/index.php?rest_route=\/wp\/v2\/posts\/47340","targetHints":{"allow":["GET"]}}],"collection":[{"href":"https:\/\/www.grundschule-am-stadtpark-steglitz.de\/index.php?rest_route=\/wp\/v2\/posts"}],"about":[{"href":"https:\/\/www.grundschule-am-stadtpark-steglitz.de\/index.php?rest_route=\/wp\/v2\/types\/post"}],"author":[{"embeddable":true,"href":"https:\/\/www.grundschule-am-stadtpark-steglitz.de\/index.php?rest_route=\/wp\/v2\/users\/2"}],"replies":[{"embeddable":true,"href":"https:\/\/www.grundschule-am-stadtpark-steglitz.de\/index.php?rest_route=%2Fwp%2Fv2%2Fcomments&post=47340"}],"version-history":[{"count":5,"href":"https:\/\/www.grundschule-am-stadtpark-steglitz.de\/index.php?rest_route=\/wp\/v2\/posts\/47340\/revisions"}],"predecessor-version":[{"id":47350,"href":"https:\/\/www.grundschule-am-stadtpark-steglitz.de\/index.php?rest_route=\/wp\/v2\/posts\/47340\/revisions\/47350"}],"wp:attachment":[{"href":"https:\/\/www.grundschule-am-stadtpark-steglitz.de\/index.php?rest_route=%2Fwp%2Fv2%2Fmedia&parent=47340"}],"wp:term":[{"taxonomy":"category","embeddable":true,"href":"https:\/\/www.grundschule-am-stadtpark-steglitz.de\/index.php?rest_route=%2Fwp%2Fv2%2Fcategories&post=47340"},{"taxonomy":"post_tag","embeddable":true,"href":"https:\/\/www.grundschule-am-stadtpark-steglitz.de\/index.php?rest_route=%2Fwp%2Fv2%2Ftags&post=47340"}],"curies":[{"name":"wp","href":"https:\/\/api.w.org\/{rel}","templated":true}]}}