{"id":47213,"date":"2025-10-02T05:36:22","date_gmt":"2025-10-02T03:36:22","guid":{"rendered":"https:\/\/www.grundschule-am-stadtpark-steglitz.de\/?p=47213"},"modified":"2025-10-02T05:36:22","modified_gmt":"2025-10-02T03:36:22","slug":"ueberraschung-fuer-die-klasse-5b","status":"publish","type":"post","link":"https:\/\/www.grundschule-am-stadtpark-steglitz.de\/?p=47213","title":{"rendered":"\u00dcberraschung f\u00fcr die Klasse 5b"},"content":{"rendered":"<p style=\"text-align: justify;\"><strong><span style=\"color: #000000; font-size: 12pt; font-family: trebuchet ms, geneva, sans-serif;\"><span style=\"font-size: 18pt;\">Das neue Schuljahr in der 5b begann mit einer \u00dcberraschung: Das Klassenzimmer wurde renoviert!<\/span> <\/span><\/strong><\/p>\n<p><a href=\"https:\/\/www.grundschule-am-stadtpark-steglitz.de\/wp-content\/uploads\/2025\/10\/K800_IMG_1470.jpg\"><img loading=\"lazy\" decoding=\"async\" class=\"size-full wp-image-47215 aligncenter\" src=\"https:\/\/www.grundschule-am-stadtpark-steglitz.de\/wp-content\/uploads\/2025\/10\/K800_IMG_1470.jpg\" alt=\"\" width=\"800\" height=\"600\" srcset=\"https:\/\/www.grundschule-am-stadtpark-steglitz.de\/wp-content\/uploads\/2025\/10\/K800_IMG_1470.jpg 800w, https:\/\/www.grundschule-am-stadtpark-steglitz.de\/wp-content\/uploads\/2025\/10\/K800_IMG_1470-300x225.jpg 300w, https:\/\/www.grundschule-am-stadtpark-steglitz.de\/wp-content\/uploads\/2025\/10\/K800_IMG_1470-768x576.jpg 768w\" sizes=\"auto, (max-width: 800px) 100vw, 800px\" \/><\/a><\/p>\n<p style=\"text-align: justify;\"><strong><span style=\"color: #000000; font-size: 12pt; font-family: trebuchet ms, geneva, sans-serif;\"><span style=\"font-size: 14pt;\">Wir bekamen einen ganz neuen Boden in einem r\u00f6tlichen Ton sowie einen frischen Anstrich an die W\u00e4nde in Creme- und Lachst\u00f6nen.<\/span> <\/span><\/strong><\/p>\n<p style=\"text-align: justify;\"><span style=\"color: #000000; font-size: 12pt; font-family: trebuchet ms, geneva, sans-serif;\"><a href=\"https:\/\/www.grundschule-am-stadtpark-steglitz.de\/wp-content\/uploads\/2025\/10\/K800_IMG_1582.jpg\"><img loading=\"lazy\" decoding=\"async\" class=\" wp-image-47216 alignright\" src=\"https:\/\/www.grundschule-am-stadtpark-steglitz.de\/wp-content\/uploads\/2025\/10\/K800_IMG_1582-225x300.jpg\" alt=\"\" width=\"186\" height=\"248\" srcset=\"https:\/\/www.grundschule-am-stadtpark-steglitz.de\/wp-content\/uploads\/2025\/10\/K800_IMG_1582-225x300.jpg 225w, https:\/\/www.grundschule-am-stadtpark-steglitz.de\/wp-content\/uploads\/2025\/10\/K800_IMG_1582.jpg 600w\" sizes=\"auto, (max-width: 186px) 100vw, 186px\" \/><\/a>Ein Unterschied wie Tag und Nacht, wie inzwischen unser Klassenzimmer aussieht! Nicht nur die neuen, warmen Farbt\u00f6ne haben eine lernf\u00f6rderliche Wirkung, unsere gem\u00fctliche Leseecke l\u00e4dt zum entspannten Lesen ein. <\/span><\/p>\n<p style=\"text-align: justify;\"><span style=\"color: #000000; font-size: 12pt; font-family: trebuchet ms, geneva, sans-serif;\">Auf unseren Whiteboards befinden sich nun viele verschiedene Schilder, die uns helfen, unseren Schulalltag bestm\u00f6glich zu organisieren. <\/span><\/p>\n<p style=\"text-align: justify;\"><span style=\"color: #000000; font-size: 12pt; font-family: trebuchet ms, geneva, sans-serif;\"><a href=\"https:\/\/www.grundschule-am-stadtpark-steglitz.de\/wp-content\/uploads\/2025\/10\/K800_IMG_1583.jpg\"><img loading=\"lazy\" decoding=\"async\" class=\" wp-image-47217 alignleft\" src=\"https:\/\/www.grundschule-am-stadtpark-steglitz.de\/wp-content\/uploads\/2025\/10\/K800_IMG_1583-225x300.jpg\" alt=\"\" width=\"171\" height=\"228\" srcset=\"https:\/\/www.grundschule-am-stadtpark-steglitz.de\/wp-content\/uploads\/2025\/10\/K800_IMG_1583-225x300.jpg 225w, https:\/\/www.grundschule-am-stadtpark-steglitz.de\/wp-content\/uploads\/2025\/10\/K800_IMG_1583.jpg 600w\" sizes=\"auto, (max-width: 171px) 100vw, 171px\" \/><\/a>Welchen Stundenplan haben wir heute? Welche Hausaufgaben, Tests oder wichtige Termine stehen an? Haben wir Post in unseren Akten? Achtung, Achtung! Unsere Klassendienste nicht vergessen! Mist! Das Lineal ist weg! Gut, dass wir nun die Ausleihstation haben. <\/span><\/p>\n<p style=\"text-align: justify;\"><span style=\"color: #000000; font-size: 12pt; font-family: trebuchet ms, geneva, sans-serif;\">Es gab einen Streit. Die Vers\u00f6hnungskarten k\u00f6nnen uns dabei helfen, uns wieder zu vertragen. Und wer alle Smileys beh\u00e4lt, kann sich am Ende der Woche eine Belohnung aussuchen. <\/span><\/p>\n<p><a href=\"https:\/\/www.grundschule-am-stadtpark-steglitz.de\/wp-content\/uploads\/2025\/10\/K800_IMG_1585.jpg\"><img loading=\"lazy\" decoding=\"async\" class=\"alignnone size-medium wp-image-47218\" src=\"https:\/\/www.grundschule-am-stadtpark-steglitz.de\/wp-content\/uploads\/2025\/10\/K800_IMG_1585-300x225.jpg\" alt=\"\" width=\"300\" height=\"225\" srcset=\"https:\/\/www.grundschule-am-stadtpark-steglitz.de\/wp-content\/uploads\/2025\/10\/K800_IMG_1585-300x225.jpg 300w, https:\/\/www.grundschule-am-stadtpark-steglitz.de\/wp-content\/uploads\/2025\/10\/K800_IMG_1585-768x576.jpg 768w, https:\/\/www.grundschule-am-stadtpark-steglitz.de\/wp-content\/uploads\/2025\/10\/K800_IMG_1585.jpg 800w\" sizes=\"auto, (max-width: 300px) 100vw, 300px\" \/><\/a> <a href=\"https:\/\/www.grundschule-am-stadtpark-steglitz.de\/wp-content\/uploads\/2025\/10\/K800_IMG_1586.jpg\"><img loading=\"lazy\" decoding=\"async\" class=\"alignnone size-medium wp-image-47219\" src=\"https:\/\/www.grundschule-am-stadtpark-steglitz.de\/wp-content\/uploads\/2025\/10\/K800_IMG_1586-300x225.jpg\" alt=\"\" width=\"300\" height=\"225\" srcset=\"https:\/\/www.grundschule-am-stadtpark-steglitz.de\/wp-content\/uploads\/2025\/10\/K800_IMG_1586-300x225.jpg 300w, https:\/\/www.grundschule-am-stadtpark-steglitz.de\/wp-content\/uploads\/2025\/10\/K800_IMG_1586-768x576.jpg 768w, https:\/\/www.grundschule-am-stadtpark-steglitz.de\/wp-content\/uploads\/2025\/10\/K800_IMG_1586.jpg 800w\" sizes=\"auto, (max-width: 300px) 100vw, 300px\" \/><\/a><\/p>\n<p style=\"text-align: justify;\"><span style=\"color: #000000; font-size: 12pt; font-family: trebuchet ms, geneva, sans-serif;\">Das alles und noch mehr macht den Schulalltag der 5b aus. <\/span><\/p>\n<p style=\"text-align: justify;\"><span style=\"color: #000000; font-size: 12pt; font-family: trebuchet ms, geneva, sans-serif;\">Wir starteten mit tollen Bedingungen und sind sehr zuversichtlich, dass es ein tolles Schuljahr wird!<\/span><\/p>\n<p style=\"text-align: justify;\"><span style=\"color: #000000; font-size: 12pt; font-family: trebuchet ms, geneva, sans-serif;\">Kinder sagten:<\/span><\/p>\n<p style=\"text-align: justify;\"><span style=\"color: #000000; font-size: 12pt; font-family: trebuchet ms, geneva, sans-serif;\">\u201eOh, das ist richtig cool\u201c<\/span><\/p>\n<p style=\"text-align: justify;\"><span style=\"color: #000000; font-size: 12pt; font-family: trebuchet ms, geneva, sans-serif;\">\u201eWir haben da sch\u00f6nste Klassenzimmer!\u201c<\/span><\/p>\n<p style=\"text-align: justify;\"><span style=\"color: #000000; font-size: 12pt; font-family: trebuchet ms, geneva, sans-serif;\">\u201eIch f\u00fchle mich gleich wohler\u201c <\/span><\/p>\n<p><a href=\"https:\/\/www.grundschule-am-stadtpark-steglitz.de\/wp-content\/uploads\/2025\/10\/K800_IMG_1589.jpg\"><img loading=\"lazy\" decoding=\"async\" class=\"size-full wp-image-47220 aligncenter\" src=\"https:\/\/www.grundschule-am-stadtpark-steglitz.de\/wp-content\/uploads\/2025\/10\/K800_IMG_1589.jpg\" alt=\"\" width=\"600\" height=\"800\" srcset=\"https:\/\/www.grundschule-am-stadtpark-steglitz.de\/wp-content\/uploads\/2025\/10\/K800_IMG_1589.jpg 600w, https:\/\/www.grundschule-am-stadtpark-steglitz.de\/wp-content\/uploads\/2025\/10\/K800_IMG_1589-225x300.jpg 225w\" sizes=\"auto, (max-width: 600px) 100vw, 600px\" \/><\/a><\/p>\n<p style=\"text-align: justify;\"><em><strong><span style=\"color: #000000; font-size: 12pt; font-family: trebuchet ms, geneva, sans-serif;\">M. Wengert (Klassenlehrerin)<\/span><\/strong><\/em><\/p>\n","protected":false},"excerpt":{"rendered":"<p>Das neue Schuljahr in der 5b begann mit einer \u00dcberraschung: Das Klassenzimmer wurde renoviert! Wir bekamen einen ganz neuen Boden in einem r\u00f6tlichen Ton sowie einen frischen Anstrich an die W\u00e4nde in Creme- und Lachst\u00f6nen. Ein Unterschied wie Tag und Nacht, wie inzwischen unser Klassenzimmer aussieht! Nicht nur die neuen, warmen Farbt\u00f6ne haben eine lernf\u00f6rderliche<\/p>\n<p><a class=\"more-link\" href=\"https:\/\/www.grundschule-am-stadtpark-steglitz.de\/?p=47213\">Mehr&#8230;<\/a><\/p>\n","protected":false},"author":2,"featured_media":0,"comment_status":"closed","ping_status":"closed","sticky":false,"template":"","format":"standard","meta":{"ngg_post_thumbnail":0,"footnotes":""},"categories":[233,6],"tags":[],"class_list":["post-47213","post","type-post","status-publish","format-standard","hentry","category-5b-fr-wengert","category-aktuelles"],"_links":{"self":[{"href":"https:\/\/www.grundschule-am-stadtpark-steglitz.de\/index.php?rest_route=\/wp\/v2\/posts\/47213","targetHints":{"allow":["GET"]}}],"collection":[{"href":"https:\/\/www.grundschule-am-stadtpark-steglitz.de\/index.php?rest_route=\/wp\/v2\/posts"}],"about":[{"href":"https:\/\/www.grundschule-am-stadtpark-steglitz.de\/index.php?rest_route=\/wp\/v2\/types\/post"}],"author":[{"embeddable":true,"href":"https:\/\/www.grundschule-am-stadtpark-steglitz.de\/index.php?rest_route=\/wp\/v2\/users\/2"}],"replies":[{"embeddable":true,"href":"https:\/\/www.grundschule-am-stadtpark-steglitz.de\/index.php?rest_route=%2Fwp%2Fv2%2Fcomments&post=47213"}],"version-history":[{"count":2,"href":"https:\/\/www.grundschule-am-stadtpark-steglitz.de\/index.php?rest_route=\/wp\/v2\/posts\/47213\/revisions"}],"predecessor-version":[{"id":47221,"href":"https:\/\/www.grundschule-am-stadtpark-steglitz.de\/index.php?rest_route=\/wp\/v2\/posts\/47213\/revisions\/47221"}],"wp:attachment":[{"href":"https:\/\/www.grundschule-am-stadtpark-steglitz.de\/index.php?rest_route=%2Fwp%2Fv2%2Fmedia&parent=47213"}],"wp:term":[{"taxonomy":"category","embeddable":true,"href":"https:\/\/www.grundschule-am-stadtpark-steglitz.de\/index.php?rest_route=%2Fwp%2Fv2%2Fcategories&post=47213"},{"taxonomy":"post_tag","embeddable":true,"href":"https:\/\/www.grundschule-am-stadtpark-steglitz.de\/index.php?rest_route=%2Fwp%2Fv2%2Ftags&post=47213"}],"curies":[{"name":"wp","href":"https:\/\/api.w.org\/{rel}","templated":true}]}}