{"id":47194,"date":"2025-09-30T04:58:05","date_gmt":"2025-09-30T02:58:05","guid":{"rendered":"https:\/\/www.grundschule-am-stadtpark-steglitz.de\/?p=47194"},"modified":"2025-09-30T04:58:05","modified_gmt":"2025-09-30T02:58:05","slug":"die-koalas-in-der-gartenarbeitsschule","status":"publish","type":"post","link":"https:\/\/www.grundschule-am-stadtpark-steglitz.de\/?p=47194","title":{"rendered":"Die &#8222;Koalas&#8220; in der Gartenarbeitsschule"},"content":{"rendered":"<p style=\"text-align: justify;\"><span style=\"font-size: 18pt;\"><strong><span style=\"color: #000000; font-family: tahoma, arial, helvetica, sans-serif;\">Die Koalaklasse hat sich auf den Weg in die Gartenarbeitsschule gemacht&#8230;<\/span><\/strong><\/span><\/p>\n<p style=\"text-align: justify;\"><span style=\"font-size: 14pt;\"><strong><span style=\"color: #000000; font-family: tahoma, arial, helvetica, sans-serif;\">&#8230;schon der Fu\u00dfmarsch dorthin war f\u00fcr uns ein richtig spannendes Erlebnis!<\/span><\/strong><\/span><\/p>\n<p style=\"text-align: justify;\"><span style=\"color: #000000; font-size: 12pt; font-family: tahoma, arial, helvetica, sans-serif;\"><a href=\"https:\/\/www.grundschule-am-stadtpark-steglitz.de\/wp-content\/uploads\/2018\/03\/Garten1.jpg\"><img loading=\"lazy\" decoding=\"async\" class=\" wp-image-22923 alignright\" src=\"https:\/\/www.grundschule-am-stadtpark-steglitz.de\/wp-content\/uploads\/2018\/03\/Garten1-275x300.jpg\" alt=\"\" width=\"128\" height=\"140\" srcset=\"https:\/\/www.grundschule-am-stadtpark-steglitz.de\/wp-content\/uploads\/2018\/03\/Garten1-275x300.jpg 275w, https:\/\/www.grundschule-am-stadtpark-steglitz.de\/wp-content\/uploads\/2018\/03\/Garten1.jpg 348w\" sizes=\"auto, (max-width: 128px) 100vw, 128px\" \/><\/a>Dort angekommen, durften wir an einem Energie-Workshop teilnehmen. Es drehte sich alles ums Energiesparen, erneuerbare Energien, Klimaschutz und Nachhaltigkeit. Wir haben viele neue Informationen gesammelt und erfahren, wie wichtig es ist, sorgsam mit unserer Umwelt umzugehen. Wir haben auch gelernt wo und wie man in der Schule Energie sparen kann.<\/span><\/p>\n<p style=\"text-align: justify;\"><span style=\"color: #000000; font-size: 12pt; font-family: tahoma, arial, helvetica, sans-serif;\">Besonders aufregend waren die Experimente, bei denen wir selbst ausprobieren konnten, wie Energie umgewandelt wird und dadurch nutzbar ist:<\/span><\/p>\n<p style=\"text-align: justify;\"><span style=\"color: #000000; font-size: 12pt; font-family: tahoma, arial, helvetica, sans-serif;\">Durch Luft konnten wir leichte Gegenst\u00e4nde hochheben.<\/span><\/p>\n<p><a href=\"https:\/\/www.grundschule-am-stadtpark-steglitz.de\/wp-content\/uploads\/2025\/09\/K800_20250916_104142-rotated.jpg\"><img loading=\"lazy\" decoding=\"async\" class=\"alignnone size-full wp-image-47198\" src=\"https:\/\/www.grundschule-am-stadtpark-steglitz.de\/wp-content\/uploads\/2025\/09\/K800_20250916_104142-rotated.jpg\" alt=\"\" width=\"600\" height=\"800\" srcset=\"https:\/\/www.grundschule-am-stadtpark-steglitz.de\/wp-content\/uploads\/2025\/09\/K800_20250916_104142-rotated.jpg 600w, https:\/\/www.grundschule-am-stadtpark-steglitz.de\/wp-content\/uploads\/2025\/09\/K800_20250916_104142-225x300.jpg 225w\" sizes=\"auto, (max-width: 600px) 100vw, 600px\" \/><\/a><\/p>\n<p style=\"text-align: justify;\"><span style=\"color: #000000; font-size: 12pt; font-family: tahoma, arial, helvetica, sans-serif;\">Ein Boot wurde allein durch W\u00e4rme angetrieben.<\/span><\/p>\n<p><a href=\"https:\/\/www.grundschule-am-stadtpark-steglitz.de\/wp-content\/uploads\/2025\/09\/K800_20250916_095903.jpg\"><img loading=\"lazy\" decoding=\"async\" class=\"alignnone size-full wp-image-47196\" src=\"https:\/\/www.grundschule-am-stadtpark-steglitz.de\/wp-content\/uploads\/2025\/09\/K800_20250916_095903.jpg\" alt=\"\" width=\"600\" height=\"800\" srcset=\"https:\/\/www.grundschule-am-stadtpark-steglitz.de\/wp-content\/uploads\/2025\/09\/K800_20250916_095903.jpg 600w, https:\/\/www.grundschule-am-stadtpark-steglitz.de\/wp-content\/uploads\/2025\/09\/K800_20250916_095903-225x300.jpg 225w\" sizes=\"auto, (max-width: 600px) 100vw, 600px\" \/><\/a><\/p>\n<p style=\"text-align: justify;\"><span style=\"color: #000000; font-size: 12pt; font-family: tahoma, arial, helvetica, sans-serif;\">Mit Bewegung konnten wir Licht erzeugen.<\/span><\/p>\n<p style=\"text-align: justify;\"><span style=\"color: #000000; font-size: 12pt; font-family: tahoma, arial, helvetica, sans-serif;\">Und ein Fahrzeug setzte sich in Bewegung, nur durch ausstr\u00f6mende Luft!<\/span><\/p>\n<p style=\"text-align: justify;\"><span style=\"color: #000000; font-size: 12pt; font-family: tahoma, arial, helvetica, sans-serif;\">Nat\u00fcrlich durfte auch ein Spaziergang \u00fcber das Gel\u00e4nde nicht fehlen. Dabei haben wir die vielen Pflanzen bestaunt \u2013 und ganz besonders die schon riesengro\u00dfen K\u00fcrbisse bewundert.<\/span><\/p>\n<p><a href=\"https:\/\/www.grundschule-am-stadtpark-steglitz.de\/wp-content\/uploads\/2025\/09\/K800_20250916_103257-rotated.jpg\"><img loading=\"lazy\" decoding=\"async\" class=\"alignnone size-full wp-image-47197\" src=\"https:\/\/www.grundschule-am-stadtpark-steglitz.de\/wp-content\/uploads\/2025\/09\/K800_20250916_103257-rotated.jpg\" alt=\"\" width=\"600\" height=\"800\" srcset=\"https:\/\/www.grundschule-am-stadtpark-steglitz.de\/wp-content\/uploads\/2025\/09\/K800_20250916_103257-rotated.jpg 600w, https:\/\/www.grundschule-am-stadtpark-steglitz.de\/wp-content\/uploads\/2025\/09\/K800_20250916_103257-225x300.jpg 225w\" sizes=\"auto, (max-width: 600px) 100vw, 600px\" \/><\/a><\/p>\n<p style=\"text-align: justify;\"><span style=\"color: #000000; font-size: 12pt; font-family: tahoma, arial, helvetica, sans-serif;\">Es war ein spannender und lehrreicher Tag, an dem wir viel entdecken und ausprobieren konnten.<\/span><\/p>\n<p style=\"text-align: justify;\"><span style=\"color: #000000; font-size: 12pt; font-family: tahoma, arial, helvetica, sans-serif;\">Die Koalaklasse sagt: Wir kommen gerne wieder!<\/span><\/p>\n<p style=\"text-align: justify;\"><em><strong><span style=\"color: #000000; font-size: 12pt; font-family: tahoma, arial, helvetica, sans-serif;\">Die Klasse 2a und Frau Reese (Klassenlehrerin)<\/span><\/strong><\/em><\/p>\n","protected":false},"excerpt":{"rendered":"<p>Die Koalaklasse hat sich auf den Weg in die Gartenarbeitsschule gemacht&#8230; &#8230;schon der Fu\u00dfmarsch dorthin war f\u00fcr uns ein richtig spannendes Erlebnis! Dort angekommen, durften wir an einem Energie-Workshop teilnehmen. Es drehte sich alles ums Energiesparen, erneuerbare Energien, Klimaschutz und Nachhaltigkeit. Wir haben viele neue Informationen gesammelt und erfahren, wie wichtig es ist, sorgsam mit<\/p>\n<p><a class=\"more-link\" href=\"https:\/\/www.grundschule-am-stadtpark-steglitz.de\/?p=47194\">Mehr&#8230;<\/a><\/p>\n","protected":false},"author":2,"featured_media":0,"comment_status":"closed","ping_status":"closed","sticky":false,"template":"","format":"standard","meta":{"ngg_post_thumbnail":0,"footnotes":""},"categories":[221,6],"tags":[],"class_list":["post-47194","post","type-post","status-publish","format-standard","hentry","category-2a-fr-reese","category-aktuelles"],"_links":{"self":[{"href":"https:\/\/www.grundschule-am-stadtpark-steglitz.de\/index.php?rest_route=\/wp\/v2\/posts\/47194","targetHints":{"allow":["GET"]}}],"collection":[{"href":"https:\/\/www.grundschule-am-stadtpark-steglitz.de\/index.php?rest_route=\/wp\/v2\/posts"}],"about":[{"href":"https:\/\/www.grundschule-am-stadtpark-steglitz.de\/index.php?rest_route=\/wp\/v2\/types\/post"}],"author":[{"embeddable":true,"href":"https:\/\/www.grundschule-am-stadtpark-steglitz.de\/index.php?rest_route=\/wp\/v2\/users\/2"}],"replies":[{"embeddable":true,"href":"https:\/\/www.grundschule-am-stadtpark-steglitz.de\/index.php?rest_route=%2Fwp%2Fv2%2Fcomments&post=47194"}],"version-history":[{"count":3,"href":"https:\/\/www.grundschule-am-stadtpark-steglitz.de\/index.php?rest_route=\/wp\/v2\/posts\/47194\/revisions"}],"predecessor-version":[{"id":47200,"href":"https:\/\/www.grundschule-am-stadtpark-steglitz.de\/index.php?rest_route=\/wp\/v2\/posts\/47194\/revisions\/47200"}],"wp:attachment":[{"href":"https:\/\/www.grundschule-am-stadtpark-steglitz.de\/index.php?rest_route=%2Fwp%2Fv2%2Fmedia&parent=47194"}],"wp:term":[{"taxonomy":"category","embeddable":true,"href":"https:\/\/www.grundschule-am-stadtpark-steglitz.de\/index.php?rest_route=%2Fwp%2Fv2%2Fcategories&post=47194"},{"taxonomy":"post_tag","embeddable":true,"href":"https:\/\/www.grundschule-am-stadtpark-steglitz.de\/index.php?rest_route=%2Fwp%2Fv2%2Ftags&post=47194"}],"curies":[{"name":"wp","href":"https:\/\/api.w.org\/{rel}","templated":true}]}}