{"id":46472,"date":"2025-05-28T05:36:20","date_gmt":"2025-05-28T03:36:20","guid":{"rendered":"https:\/\/www.grundschule-am-stadtpark-steglitz.de\/?p=46472"},"modified":"2025-05-28T05:36:20","modified_gmt":"2025-05-28T03:36:20","slug":"tag-der-kulturellen-vielfalt-im-hort","status":"publish","type":"post","link":"https:\/\/www.grundschule-am-stadtpark-steglitz.de\/?p=46472","title":{"rendered":"Tag der kulturellen Vielfalt im Hort"},"content":{"rendered":"<p style=\"text-align: justify;\"><span style=\"color: #000000; font-size: 18pt;\"><strong><a href=\"https:\/\/www.grundschule-am-stadtpark-steglitz.de\/wp-content\/uploads\/2024\/08\/Erdkugel.gif\"><img loading=\"lazy\" decoding=\"async\" class=\"size-full wp-image-44409 alignright\" src=\"https:\/\/www.grundschule-am-stadtpark-steglitz.de\/wp-content\/uploads\/2024\/08\/Erdkugel.gif\" alt=\"\" width=\"160\" height=\"120\"><\/a>Am diesj\u00e4hrigen Tag der kulturellen Vielfalt verwandelte sich, nachdem es vielf\u00e4ltige Angebote innerhalb der Schulzeit gab, unser Hort am Nachmittag in einen bunten Ort voller Farben, Sprachen und Kulturen.<\/strong> <\/span><\/p>\n<p style=\"text-align: justify;\"><span style=\"font-size: 14pt;\"><strong><span style=\"color: #000000;\">Die Kinder konnten an verschiedenen spannenden Aktionen teilnehmen und spielerisch Neues aus aller Welt entdecken.<\/span><\/strong><\/span><\/p>\n<p style=\"text-align: justify;\"><span style=\"color: #000000; font-size: 12pt;\">In einem Raum wurden Flaggen aus unterschiedlichen L\u00e4ndern gebastelt \u2013 mit viel Kreativit\u00e4t und Begeisterung. Es gab eine gem\u00fctliche Vorleseecke in der Leseoase, in der eine Geschichte gelesen wurde. Besonders faszinierend war die M\u00f6glichkeit, sich seinen Namen auf Japanisch schreiben zu lassen: Viele Kinder nahmen ihre Namensschrift stolz mit nach Hause.<\/span><\/p>\n<p><a href=\"https:\/\/www.grundschule-am-stadtpark-steglitz.de\/wp-content\/uploads\/2025\/05\/K800_1-2.jpg\"><img loading=\"lazy\" decoding=\"async\" class=\"size-full wp-image-46474 aligncenter\" src=\"https:\/\/www.grundschule-am-stadtpark-steglitz.de\/wp-content\/uploads\/2025\/05\/K800_1-2.jpg\" alt=\"\" width=\"900\" height=\"600\" srcset=\"https:\/\/www.grundschule-am-stadtpark-steglitz.de\/wp-content\/uploads\/2025\/05\/K800_1-2.jpg 900w, https:\/\/www.grundschule-am-stadtpark-steglitz.de\/wp-content\/uploads\/2025\/05\/K800_1-2-300x200.jpg 300w, https:\/\/www.grundschule-am-stadtpark-steglitz.de\/wp-content\/uploads\/2025\/05\/K800_1-2-768x512.jpg 768w\" sizes=\"auto, (max-width: 900px) 100vw, 900px\" \/><\/a><\/p>\n<p style=\"text-align: justify;\"><span style=\"color: #000000; font-size: 12pt;\">Auch das Schminken war sehr beliebt: Mit Farben, Glitzer und Motiven aus verschiedenen Kulturen wurden die Kinder fantasievoll geschm\u00fcckt.<\/span><\/p>\n<p><a href=\"https:\/\/www.grundschule-am-stadtpark-steglitz.de\/wp-content\/uploads\/2025\/05\/K800_2-2.jpg\"><img loading=\"lazy\" decoding=\"async\" class=\"size-full wp-image-46475 aligncenter\" src=\"https:\/\/www.grundschule-am-stadtpark-steglitz.de\/wp-content\/uploads\/2025\/05\/K800_2-2.jpg\" alt=\"\" width=\"900\" height=\"600\" srcset=\"https:\/\/www.grundschule-am-stadtpark-steglitz.de\/wp-content\/uploads\/2025\/05\/K800_2-2.jpg 900w, https:\/\/www.grundschule-am-stadtpark-steglitz.de\/wp-content\/uploads\/2025\/05\/K800_2-2-300x200.jpg 300w, https:\/\/www.grundschule-am-stadtpark-steglitz.de\/wp-content\/uploads\/2025\/05\/K800_2-2-768x512.jpg 768w\" sizes=\"auto, (max-width: 900px) 100vw, 900px\" \/><\/a><\/p>\n<p style=\"text-align: justify;\"><span style=\"color: #000000; font-size: 12pt;\">In der Lehrk\u00fcche wurden leckere Dubai-Muffins gebacken, die schnell vernascht waren.<\/span><\/p>\n<p><a href=\"https:\/\/www.grundschule-am-stadtpark-steglitz.de\/wp-content\/uploads\/2025\/05\/K800_3-2.jpg\"><img loading=\"lazy\" decoding=\"async\" class=\"size-full wp-image-46476 aligncenter\" src=\"https:\/\/www.grundschule-am-stadtpark-steglitz.de\/wp-content\/uploads\/2025\/05\/K800_3-2.jpg\" alt=\"\" width=\"900\" height=\"600\" srcset=\"https:\/\/www.grundschule-am-stadtpark-steglitz.de\/wp-content\/uploads\/2025\/05\/K800_3-2.jpg 900w, https:\/\/www.grundschule-am-stadtpark-steglitz.de\/wp-content\/uploads\/2025\/05\/K800_3-2-300x200.jpg 300w, https:\/\/www.grundschule-am-stadtpark-steglitz.de\/wp-content\/uploads\/2025\/05\/K800_3-2-768x512.jpg 768w\" sizes=\"auto, (max-width: 900px) 100vw, 900px\" \/><\/a><\/p>\n<p style=\"text-align: justify;\"><span style=\"color: #000000; font-size: 12pt;\">Der Tag hat einmal mehr gezeigt, wie sch\u00f6n und spannend kulturelle Vielfalt sein kann \u2013 ein Erlebnis, das uns allen noch lange in Erinnerung bleiben wird!<\/span><\/p>\n<p style=\"text-align: justify;\"><span style=\"color: #000000; font-size: 12pt; background-color: #ffff00;\"><strong>Liebe Eltern und Kinder,<\/strong><\/span><\/p>\n<p style=\"text-align: justify;\"><span style=\"color: #000000; font-size: 12pt; background-color: #ffff00;\"><strong>wir laden heute schon herzlich zu unserem n\u00e4chsten Spielenachmittag mit Eltern-Caf\u00e9 am 20.06.2025 ab ca. 14:30 Uhr ein.<\/strong><\/span><\/p>\n<p style=\"text-align: justify;\"><em><span style=\"color: #000000; font-size: 12pt;\"><strong>Herzliche Gr\u00fc\u00dfe <\/strong><\/span><\/em><\/p>\n<p style=\"text-align: justify;\"><span style=\"font-size: 12pt; color: #000000;\"><strong><em>Shane Woolnough vom Hort am Stadtpark<\/em> <\/strong><\/span><\/p>\n","protected":false},"excerpt":{"rendered":"<p>Am diesj\u00e4hrigen Tag der kulturellen Vielfalt verwandelte sich, nachdem es vielf\u00e4ltige Angebote innerhalb der Schulzeit gab, unser Hort am Nachmittag in einen bunten Ort voller Farben, Sprachen und Kulturen. Die Kinder konnten an verschiedenen spannenden Aktionen teilnehmen und spielerisch Neues aus aller Welt entdecken. In einem Raum wurden Flaggen aus unterschiedlichen L\u00e4ndern gebastelt \u2013 mit<\/p>\n<p><a class=\"more-link\" href=\"https:\/\/www.grundschule-am-stadtpark-steglitz.de\/?p=46472\">Mehr&#8230;<\/a><\/p>\n","protected":false},"author":2,"featured_media":0,"comment_status":"closed","ping_status":"closed","sticky":false,"template":"","format":"standard","meta":{"ngg_post_thumbnail":0,"footnotes":""},"categories":[6,77],"tags":[],"class_list":["post-46472","post","type-post","status-publish","format-standard","hentry","category-aktuelles","category-tolle-aktionen"],"_links":{"self":[{"href":"https:\/\/www.grundschule-am-stadtpark-steglitz.de\/index.php?rest_route=\/wp\/v2\/posts\/46472","targetHints":{"allow":["GET"]}}],"collection":[{"href":"https:\/\/www.grundschule-am-stadtpark-steglitz.de\/index.php?rest_route=\/wp\/v2\/posts"}],"about":[{"href":"https:\/\/www.grundschule-am-stadtpark-steglitz.de\/index.php?rest_route=\/wp\/v2\/types\/post"}],"author":[{"embeddable":true,"href":"https:\/\/www.grundschule-am-stadtpark-steglitz.de\/index.php?rest_route=\/wp\/v2\/users\/2"}],"replies":[{"embeddable":true,"href":"https:\/\/www.grundschule-am-stadtpark-steglitz.de\/index.php?rest_route=%2Fwp%2Fv2%2Fcomments&post=46472"}],"version-history":[{"count":4,"href":"https:\/\/www.grundschule-am-stadtpark-steglitz.de\/index.php?rest_route=\/wp\/v2\/posts\/46472\/revisions"}],"predecessor-version":[{"id":46479,"href":"https:\/\/www.grundschule-am-stadtpark-steglitz.de\/index.php?rest_route=\/wp\/v2\/posts\/46472\/revisions\/46479"}],"wp:attachment":[{"href":"https:\/\/www.grundschule-am-stadtpark-steglitz.de\/index.php?rest_route=%2Fwp%2Fv2%2Fmedia&parent=46472"}],"wp:term":[{"taxonomy":"category","embeddable":true,"href":"https:\/\/www.grundschule-am-stadtpark-steglitz.de\/index.php?rest_route=%2Fwp%2Fv2%2Fcategories&post=46472"},{"taxonomy":"post_tag","embeddable":true,"href":"https:\/\/www.grundschule-am-stadtpark-steglitz.de\/index.php?rest_route=%2Fwp%2Fv2%2Ftags&post=46472"}],"curies":[{"name":"wp","href":"https:\/\/api.w.org\/{rel}","templated":true}]}}