{"id":40444,"date":"2023-02-13T04:54:38","date_gmt":"2023-02-13T03:54:38","guid":{"rendered":"https:\/\/www.grundschule-am-stadtpark-steglitz.de\/?p=40444"},"modified":"2023-02-13T04:54:38","modified_gmt":"2023-02-13T03:54:38","slug":"lichterglanz-und-schattentanz","status":"publish","type":"post","link":"https:\/\/www.grundschule-am-stadtpark-steglitz.de\/?p=40444","title":{"rendered":"&#8222;Lichterglanz und Schattentanz&#8220;&#8230;"},"content":{"rendered":"<p style=\"text-align: justify;\"><span style=\"color: #000000; font-size: 18pt;\"><strong><em>&#8230;war das Motto der diesj\u00e4hrigen Winterferien<\/em><\/strong><\/span><\/p>\n<p style=\"text-align: justify;\"><span style=\"font-size: 14pt;\"><strong><span style=\"color: #000000;\">Die Kinder und wir hatten fabelhafte Ferientage im Hort.<\/span><\/strong><\/span><\/p>\n<p style=\"text-align: justify;\"><span style=\"color: #000000; font-size: 12pt;\"><a href=\"https:\/\/www.planetarium.berlin\"><img loading=\"lazy\" decoding=\"async\" class=\"n3VNCb KAlRDb alignright\" src=\"https:\/\/www.planetarium.berlin\/sites\/default\/files\/styles\/max_650x650\/public\/2018-08\/PAI.png?itok=8ecgRykc\" alt=\"Stiftung Planetarium Berlin\" data-noaft=\"1\" width=\"153\" height=\"153\"><\/a>Auf unserem <strong>Ausflug ins Planetarium am Insulaner<\/strong> haben wir mit dem Pinguin James, dem Eisb\u00e4ren Vladimir und dem Raumschiff Polaris einige Abenteuer erlebt und Geheimnisse des Universums erforscht. Insbesondere sind wir dem R\u00e4tsel um die Polarn\u00e4chte auf den Grund gegangen, und zum Schluss durften wir noch viele verschiedene Sternbilder bewundern, u.a. das \u201eKreuz des S\u00fcdens\u201c, an dem sich fr\u00fcher die Seefahrer orientierten.<\/span><\/p>\n<p style=\"text-align: justify;\"><span style=\"color: #000000; font-size: 12pt;\">An den beiden darauffolgenden Tagen haben wir \u00fcber unsere Geburtstage, die dazugeh\u00f6rigen Sternzeichen gesprochen und <strong>\u201eZauberfernrohre\u201c<\/strong> gebastelt, durch die wir unsere eigenen Sternzeichen sehen k\u00f6nnen.<\/span><\/p>\n<p style=\"text-align: justify;\"><span style=\"color: #000000; font-size: 12pt;\"><a href=\"https:\/\/www.grundschule-am-stadtpark-steglitz.de\/wp-content\/uploads\/2023\/02\/K800_Zauberfernrohre.jpg\"><img loading=\"lazy\" decoding=\"async\" class=\"aligncenter wp-image-40449 size-full\" src=\"https:\/\/www.grundschule-am-stadtpark-steglitz.de\/wp-content\/uploads\/2023\/02\/K800_Zauberfernrohre-e1676179015660.jpg\" alt=\"\" width=\"599\" height=\"398\" srcset=\"https:\/\/www.grundschule-am-stadtpark-steglitz.de\/wp-content\/uploads\/2023\/02\/K800_Zauberfernrohre-e1676179015660.jpg 599w, https:\/\/www.grundschule-am-stadtpark-steglitz.de\/wp-content\/uploads\/2023\/02\/K800_Zauberfernrohre-e1676179015660-300x199.jpg 300w\" sizes=\"auto, (max-width: 599px) 100vw, 599px\" \/><\/a> <a href=\"https:\/\/www.grundschule-am-stadtpark-steglitz.de\/wp-content\/uploads\/2023\/02\/K800_Zauberfernrohre-2.jpg\"><img loading=\"lazy\" decoding=\"async\" class=\"size-full wp-image-40448 aligncenter\" src=\"https:\/\/www.grundschule-am-stadtpark-steglitz.de\/wp-content\/uploads\/2023\/02\/K800_Zauberfernrohre-2.jpg\" alt=\"\" width=\"828\" height=\"600\" srcset=\"https:\/\/www.grundschule-am-stadtpark-steglitz.de\/wp-content\/uploads\/2023\/02\/K800_Zauberfernrohre-2.jpg 828w, https:\/\/www.grundschule-am-stadtpark-steglitz.de\/wp-content\/uploads\/2023\/02\/K800_Zauberfernrohre-2-300x217.jpg 300w, https:\/\/www.grundschule-am-stadtpark-steglitz.de\/wp-content\/uploads\/2023\/02\/K800_Zauberfernrohre-2-768x557.jpg 768w\" sizes=\"auto, (max-width: 828px) 100vw, 828px\" \/><\/a><\/span><\/p>\n<p style=\"text-align: justify;\"><span style=\"color: #000000; font-size: 12pt;\">Beim <strong>\u201eSchattentanz\u201c<\/strong> am letzten Winterferientag ging es darum, dass der \u201eSchattenj\u00e4ger\u201c einen tanzenden Schatten f\u00e4ngt, indem er ihn mit einer Taschenlampe anleuchtet.<\/span><\/p>\n<p style=\"text-align: justify;\"><em><strong><span style=\"color: #000000; font-size: 12pt;\">Wie f\u00fchlt es sich an, nichts sehen zu k\u00f6nnen und doch m\u00f6glichst sicher Hindernisse \u00fcberwinden, Aufgaben und R\u00e4tseln l\u00f6sen zu wollen?<\/span><\/strong><\/em><\/p>\n<p style=\"text-align: justify;\"><span style=\"color: #000000; font-size: 12pt;\">Im ganz verdunkelten Bewegungsraum f\u00fchrte der sehende Partner ohne zu sprechen seinen \u201eblinden\u201c Mitspieler durch knifflige Parcours. Anschlie\u00dfend mussten mit verbundenen Augen ein Becher mit Wasser gef\u00fcllt und bestimmte Sachen gemalt werden. Es war lustig und erstaunlich gleichzeitig, wie schnell und gut wir uns auf unsere anderen Sinne verlassen konnten.<br \/>\n<\/span><\/p>\n<p><a href=\"https:\/\/www.grundschule-am-stadtpark-steglitz.de\/wp-content\/uploads\/2023\/02\/K800_Blinden-Parcours-1.jpg\"><img loading=\"lazy\" decoding=\"async\" class=\"size-full wp-image-40446 aligncenter\" src=\"https:\/\/www.grundschule-am-stadtpark-steglitz.de\/wp-content\/uploads\/2023\/02\/K800_Blinden-Parcours-1.jpg\" alt=\"\" width=\"900\" height=\"600\" srcset=\"https:\/\/www.grundschule-am-stadtpark-steglitz.de\/wp-content\/uploads\/2023\/02\/K800_Blinden-Parcours-1.jpg 900w, https:\/\/www.grundschule-am-stadtpark-steglitz.de\/wp-content\/uploads\/2023\/02\/K800_Blinden-Parcours-1-300x200.jpg 300w, https:\/\/www.grundschule-am-stadtpark-steglitz.de\/wp-content\/uploads\/2023\/02\/K800_Blinden-Parcours-1-768x512.jpg 768w\" sizes=\"auto, (max-width: 900px) 100vw, 900px\" \/><\/a><\/p>\n<p style=\"text-align: justify;\"><span style=\"color: #000000; font-size: 12pt;\">Zum Schluss gab es hinter einem Laken verschiedene <strong>Schattenspiele<\/strong>, sogar kleine Theaterst\u00fccke entstanden spontan.<\/span><\/p>\n<p style=\"text-align: justify;\"><span style=\"color: #000000; font-size: 12pt;\">Das Laken im verdunkelten Raum nutzten wir auch am n\u00e4chsten Tag: Wir fertigten <strong>Schattenportraits<\/strong> an. Hinterher konnten wir leicht erraten, wer auf dem Schattenbild ist.<br \/>\n<\/span><\/p>\n<p><a href=\"https:\/\/www.grundschule-am-stadtpark-steglitz.de\/wp-content\/uploads\/2023\/02\/K800_Schattenspiele-bilder.jpg\"><img loading=\"lazy\" decoding=\"async\" class=\"size-full wp-image-40447 aligncenter\" src=\"https:\/\/www.grundschule-am-stadtpark-steglitz.de\/wp-content\/uploads\/2023\/02\/K800_Schattenspiele-bilder.jpg\" alt=\"\" width=\"600\" height=\"900\" srcset=\"https:\/\/www.grundschule-am-stadtpark-steglitz.de\/wp-content\/uploads\/2023\/02\/K800_Schattenspiele-bilder.jpg 600w, https:\/\/www.grundschule-am-stadtpark-steglitz.de\/wp-content\/uploads\/2023\/02\/K800_Schattenspiele-bilder-200x300.jpg 200w\" sizes=\"auto, (max-width: 600px) 100vw, 600px\" \/><\/a><\/p>\n<p style=\"text-align: justify;\"><span style=\"color: #000000; font-size: 12pt;\">\u00dcber die Wirkung eines Wechselspiels vom Licht und Schatten erfuhren wir bei unserem Besuch im <strong>Grips Theater<\/strong> mehr. Das St\u00fcck \u201eZum Gl\u00fcck viel Geburtstag\u201c verzauberte uns mit toller Musik, viel Witz und Charme und tiefsinnigem Inhalt \u00fcber die Bedeutung der Freundschaft.<\/span><\/p>\n<p style=\"text-align: justify;\"><em><span style=\"color: #000000; font-size: 12pt;\"><strong>Es gr\u00fc\u00dfen Marina Strohschein und Renata Szabo vom Hort am Stadtpark<\/strong><\/span><\/em><\/p>\n","protected":false},"excerpt":{"rendered":"<p>&#8230;war das Motto der diesj\u00e4hrigen Winterferien Die Kinder und wir hatten fabelhafte Ferientage im Hort. Auf unserem Ausflug ins Planetarium am Insulaner haben wir mit dem Pinguin James, dem Eisb\u00e4ren Vladimir und dem Raumschiff Polaris einige Abenteuer erlebt und Geheimnisse des Universums erforscht. Insbesondere sind wir dem R\u00e4tsel um die Polarn\u00e4chte auf den Grund gegangen,<\/p>\n<p><a class=\"more-link\" href=\"https:\/\/www.grundschule-am-stadtpark-steglitz.de\/?p=40444\">Mehr&#8230;<\/a><\/p>\n","protected":false},"author":2,"featured_media":0,"comment_status":"closed","ping_status":"closed","sticky":false,"template":"","format":"standard","meta":{"ngg_post_thumbnail":0,"footnotes":""},"categories":[6,77],"tags":[],"class_list":["post-40444","post","type-post","status-publish","format-standard","hentry","category-aktuelles","category-tolle-aktionen"],"_links":{"self":[{"href":"https:\/\/www.grundschule-am-stadtpark-steglitz.de\/index.php?rest_route=\/wp\/v2\/posts\/40444","targetHints":{"allow":["GET"]}}],"collection":[{"href":"https:\/\/www.grundschule-am-stadtpark-steglitz.de\/index.php?rest_route=\/wp\/v2\/posts"}],"about":[{"href":"https:\/\/www.grundschule-am-stadtpark-steglitz.de\/index.php?rest_route=\/wp\/v2\/types\/post"}],"author":[{"embeddable":true,"href":"https:\/\/www.grundschule-am-stadtpark-steglitz.de\/index.php?rest_route=\/wp\/v2\/users\/2"}],"replies":[{"embeddable":true,"href":"https:\/\/www.grundschule-am-stadtpark-steglitz.de\/index.php?rest_route=%2Fwp%2Fv2%2Fcomments&post=40444"}],"version-history":[{"count":6,"href":"https:\/\/www.grundschule-am-stadtpark-steglitz.de\/index.php?rest_route=\/wp\/v2\/posts\/40444\/revisions"}],"predecessor-version":[{"id":40454,"href":"https:\/\/www.grundschule-am-stadtpark-steglitz.de\/index.php?rest_route=\/wp\/v2\/posts\/40444\/revisions\/40454"}],"wp:attachment":[{"href":"https:\/\/www.grundschule-am-stadtpark-steglitz.de\/index.php?rest_route=%2Fwp%2Fv2%2Fmedia&parent=40444"}],"wp:term":[{"taxonomy":"category","embeddable":true,"href":"https:\/\/www.grundschule-am-stadtpark-steglitz.de\/index.php?rest_route=%2Fwp%2Fv2%2Fcategories&post=40444"},{"taxonomy":"post_tag","embeddable":true,"href":"https:\/\/www.grundschule-am-stadtpark-steglitz.de\/index.php?rest_route=%2Fwp%2Fv2%2Ftags&post=40444"}],"curies":[{"name":"wp","href":"https:\/\/api.w.org\/{rel}","templated":true}]}}