{"id":35210,"date":"2021-06-11T04:30:30","date_gmt":"2021-06-11T02:30:30","guid":{"rendered":"https:\/\/www.grundschule-am-stadtpark-steglitz.de\/?p=35210"},"modified":"2021-06-11T04:30:30","modified_gmt":"2021-06-11T02:30:30","slug":"grossartige-kuechenkunst","status":"publish","type":"post","link":"https:\/\/www.grundschule-am-stadtpark-steglitz.de\/?p=35210","title":{"rendered":"Gro\u00dfartige K\u00fcchenkunst"},"content":{"rendered":"<p style=\"text-align: justify;\"><span style=\"font-size: 14pt; color: #000000;\">Die Kinder der <strong>Klasse 2b<\/strong> haben Gro\u00dfartiges geleistet: sie haben in der vergangenen Woche die h\u00e4usliche K\u00fcche auf den Kopf gestellt, um lustige, witzige, sch\u00f6ne, elegante, gruselige und einfach wunderbare K\u00fcchen-Geister zu kreieren. <\/span><\/p>\n<p><a href=\"https:\/\/www.grundschule-am-stadtpark-steglitz.de\/wp-content\/uploads\/2021\/06\/K800_1a.jpg\"><img loading=\"lazy\" decoding=\"async\" class=\"alignnone size-full wp-image-35211\" src=\"https:\/\/www.grundschule-am-stadtpark-steglitz.de\/wp-content\/uploads\/2021\/06\/K800_1a.jpg\" alt=\"\" width=\"811\" height=\"600\" srcset=\"https:\/\/www.grundschule-am-stadtpark-steglitz.de\/wp-content\/uploads\/2021\/06\/K800_1a.jpg 811w, https:\/\/www.grundschule-am-stadtpark-steglitz.de\/wp-content\/uploads\/2021\/06\/K800_1a-300x222.jpg 300w, https:\/\/www.grundschule-am-stadtpark-steglitz.de\/wp-content\/uploads\/2021\/06\/K800_1a-768x568.jpg 768w\" sizes=\"auto, (max-width: 811px) 100vw, 811px\" \/><\/a><\/p>\n<p style=\"text-align: justify;\"><span style=\"font-size: 14pt; color: #000000;\">Ich bin sehr stolz auf alle Kinder, dass sie die Aufgabe, die sie entweder im schulisch angeleiteten Lernen von Zuhause oder als Hausaufgabe w\u00e4hrend des Pr\u00e4senzunterrichts leisten sollten, so toll umgesetzt haben!<\/span><\/p>\n<p style=\"text-align: justify;\"><span style=\"font-size: 14pt; color: #000000;\">Aber seht doch einfach selbst\u2026.<\/span><\/p>\n<p><a href=\"https:\/\/www.grundschule-am-stadtpark-steglitz.de\/wp-content\/uploads\/2021\/06\/K800_2a.jpg\"><img loading=\"lazy\" decoding=\"async\" class=\"alignnone wp-image-35212\" src=\"https:\/\/www.grundschule-am-stadtpark-steglitz.de\/wp-content\/uploads\/2021\/06\/K800_2a-223x300.jpg\" alt=\"\" width=\"201\" height=\"270\" srcset=\"https:\/\/www.grundschule-am-stadtpark-steglitz.de\/wp-content\/uploads\/2021\/06\/K800_2a-223x300.jpg 223w, https:\/\/www.grundschule-am-stadtpark-steglitz.de\/wp-content\/uploads\/2021\/06\/K800_2a.jpg 536w\" sizes=\"auto, (max-width: 201px) 100vw, 201px\" \/><\/a> &nbsp;&nbsp; &nbsp;&nbsp;<a href=\"https:\/\/www.grundschule-am-stadtpark-steglitz.de\/wp-content\/uploads\/2021\/06\/K800_2b.jpg\"><img loading=\"lazy\" decoding=\"async\" class=\"alignnone wp-image-35213\" src=\"https:\/\/www.grundschule-am-stadtpark-steglitz.de\/wp-content\/uploads\/2021\/06\/K800_2b-218x300.jpg\" alt=\"\" width=\"196\" height=\"270\" srcset=\"https:\/\/www.grundschule-am-stadtpark-steglitz.de\/wp-content\/uploads\/2021\/06\/K800_2b-218x300.jpg 218w, https:\/\/www.grundschule-am-stadtpark-steglitz.de\/wp-content\/uploads\/2021\/06\/K800_2b.jpg 529w\" sizes=\"auto, (max-width: 196px) 100vw, 196px\" \/>&nbsp;&nbsp;&nbsp;&nbsp;&nbsp;<\/a> <a href=\"https:\/\/www.grundschule-am-stadtpark-steglitz.de\/wp-content\/uploads\/2021\/06\/K800_2c.jpg\"><img loading=\"lazy\" decoding=\"async\" class=\"alignnone wp-image-35214\" src=\"https:\/\/www.grundschule-am-stadtpark-steglitz.de\/wp-content\/uploads\/2021\/06\/K800_2c-200x300.jpg\" alt=\"\" width=\"180\" height=\"270\" srcset=\"https:\/\/www.grundschule-am-stadtpark-steglitz.de\/wp-content\/uploads\/2021\/06\/K800_2c-200x300.jpg 200w, https:\/\/www.grundschule-am-stadtpark-steglitz.de\/wp-content\/uploads\/2021\/06\/K800_2c.jpg 482w\" sizes=\"auto, (max-width: 180px) 100vw, 180px\" \/><\/a><\/p>\n<p><a href=\"https:\/\/www.grundschule-am-stadtpark-steglitz.de\/wp-content\/uploads\/2021\/06\/K800_3a.jpg\"><img loading=\"lazy\" decoding=\"async\" class=\"alignnone size-full wp-image-35215\" src=\"https:\/\/www.grundschule-am-stadtpark-steglitz.de\/wp-content\/uploads\/2021\/06\/K800_3a.jpg\" alt=\"\" width=\"825\" height=\"600\" srcset=\"https:\/\/www.grundschule-am-stadtpark-steglitz.de\/wp-content\/uploads\/2021\/06\/K800_3a.jpg 825w, https:\/\/www.grundschule-am-stadtpark-steglitz.de\/wp-content\/uploads\/2021\/06\/K800_3a-300x218.jpg 300w, https:\/\/www.grundschule-am-stadtpark-steglitz.de\/wp-content\/uploads\/2021\/06\/K800_3a-768x559.jpg 768w\" sizes=\"auto, (max-width: 825px) 100vw, 825px\" \/><\/a><\/p>\n<p><a href=\"https:\/\/www.grundschule-am-stadtpark-steglitz.de\/wp-content\/uploads\/2021\/06\/K800_4a.jpg\"><img loading=\"lazy\" decoding=\"async\" class=\"alignnone size-medium wp-image-35216\" src=\"https:\/\/www.grundschule-am-stadtpark-steglitz.de\/wp-content\/uploads\/2021\/06\/K800_4a-300x250.jpg\" alt=\"\" width=\"300\" height=\"250\" srcset=\"https:\/\/www.grundschule-am-stadtpark-steglitz.de\/wp-content\/uploads\/2021\/06\/K800_4a-300x250.jpg 300w, https:\/\/www.grundschule-am-stadtpark-steglitz.de\/wp-content\/uploads\/2021\/06\/K800_4a.jpg 721w\" sizes=\"auto, (max-width: 300px) 100vw, 300px\" \/><\/a> <a href=\"https:\/\/www.grundschule-am-stadtpark-steglitz.de\/wp-content\/uploads\/2021\/06\/K800_4b.jpg\"><img loading=\"lazy\" decoding=\"async\" class=\"alignnone size-medium wp-image-35217\" src=\"https:\/\/www.grundschule-am-stadtpark-steglitz.de\/wp-content\/uploads\/2021\/06\/K800_4b-300x224.jpg\" alt=\"\" width=\"300\" height=\"224\" srcset=\"https:\/\/www.grundschule-am-stadtpark-steglitz.de\/wp-content\/uploads\/2021\/06\/K800_4b-300x224.jpg 300w, https:\/\/www.grundschule-am-stadtpark-steglitz.de\/wp-content\/uploads\/2021\/06\/K800_4b-768x573.jpg 768w, https:\/\/www.grundschule-am-stadtpark-steglitz.de\/wp-content\/uploads\/2021\/06\/K800_4b.jpg 804w\" sizes=\"auto, (max-width: 300px) 100vw, 300px\" \/><\/a><\/p>\n<p><a href=\"https:\/\/www.grundschule-am-stadtpark-steglitz.de\/wp-content\/uploads\/2021\/06\/K800_5a.jpg\"><img loading=\"lazy\" decoding=\"async\" class=\"size-full wp-image-35218 aligncenter\" src=\"https:\/\/www.grundschule-am-stadtpark-steglitz.de\/wp-content\/uploads\/2021\/06\/K800_5a.jpg\" alt=\"\" width=\"492\" height=\"718\" srcset=\"https:\/\/www.grundschule-am-stadtpark-steglitz.de\/wp-content\/uploads\/2021\/06\/K800_5a.jpg 492w, https:\/\/www.grundschule-am-stadtpark-steglitz.de\/wp-content\/uploads\/2021\/06\/K800_5a-206x300.jpg 206w\" sizes=\"auto, (max-width: 492px) 100vw, 492px\" \/><\/a><\/p>\n<p style=\"text-align: justify;\"><span style=\"font-size: 10pt;\"><strong><em><span style=\"color: #000000;\">Eure Frau Jacobsen<\/span><\/em><\/strong><\/span><\/p>\n","protected":false},"excerpt":{"rendered":"<p>Die Kinder der Klasse 2b haben Gro\u00dfartiges geleistet: sie haben in der vergangenen Woche die h\u00e4usliche K\u00fcche auf den Kopf gestellt, um lustige, witzige, sch\u00f6ne, elegante, gruselige und einfach wunderbare K\u00fcchen-Geister zu kreieren. Ich bin sehr stolz auf alle Kinder, dass sie die Aufgabe, die sie entweder im schulisch angeleiteten Lernen von Zuhause oder als<\/p>\n<p><a class=\"more-link\" href=\"https:\/\/www.grundschule-am-stadtpark-steglitz.de\/?p=35210\">Mehr&#8230;<\/a><\/p>\n","protected":false},"author":2,"featured_media":0,"comment_status":"closed","ping_status":"closed","sticky":false,"template":"","format":"standard","meta":{"ngg_post_thumbnail":0,"footnotes":""},"categories":[6],"tags":[],"class_list":["post-35210","post","type-post","status-publish","format-standard","hentry","category-aktuelles"],"_links":{"self":[{"href":"https:\/\/www.grundschule-am-stadtpark-steglitz.de\/index.php?rest_route=\/wp\/v2\/posts\/35210","targetHints":{"allow":["GET"]}}],"collection":[{"href":"https:\/\/www.grundschule-am-stadtpark-steglitz.de\/index.php?rest_route=\/wp\/v2\/posts"}],"about":[{"href":"https:\/\/www.grundschule-am-stadtpark-steglitz.de\/index.php?rest_route=\/wp\/v2\/types\/post"}],"author":[{"embeddable":true,"href":"https:\/\/www.grundschule-am-stadtpark-steglitz.de\/index.php?rest_route=\/wp\/v2\/users\/2"}],"replies":[{"embeddable":true,"href":"https:\/\/www.grundschule-am-stadtpark-steglitz.de\/index.php?rest_route=%2Fwp%2Fv2%2Fcomments&post=35210"}],"version-history":[{"count":5,"href":"https:\/\/www.grundschule-am-stadtpark-steglitz.de\/index.php?rest_route=\/wp\/v2\/posts\/35210\/revisions"}],"predecessor-version":[{"id":35223,"href":"https:\/\/www.grundschule-am-stadtpark-steglitz.de\/index.php?rest_route=\/wp\/v2\/posts\/35210\/revisions\/35223"}],"wp:attachment":[{"href":"https:\/\/www.grundschule-am-stadtpark-steglitz.de\/index.php?rest_route=%2Fwp%2Fv2%2Fmedia&parent=35210"}],"wp:term":[{"taxonomy":"category","embeddable":true,"href":"https:\/\/www.grundschule-am-stadtpark-steglitz.de\/index.php?rest_route=%2Fwp%2Fv2%2Fcategories&post=35210"},{"taxonomy":"post_tag","embeddable":true,"href":"https:\/\/www.grundschule-am-stadtpark-steglitz.de\/index.php?rest_route=%2Fwp%2Fv2%2Ftags&post=35210"}],"curies":[{"name":"wp","href":"https:\/\/api.w.org\/{rel}","templated":true}]}}