{"id":31364,"date":"2020-04-16T06:58:48","date_gmt":"2020-04-16T04:58:48","guid":{"rendered":"https:\/\/www.grundschule-am-stadtpark-steglitz.de\/?p=31364"},"modified":"2020-04-16T07:00:14","modified_gmt":"2020-04-16T05:00:14","slug":"31364","status":"publish","type":"post","link":"https:\/\/www.grundschule-am-stadtpark-steglitz.de\/?p=31364","title":{"rendered":"&#8230;im Hort haben wir viele sch\u00f6ne Dinge gemacht!"},"content":{"rendered":"<p style=\"text-align: justify;\"><strong><span style=\"font-family: tahoma, arial, helvetica, sans-serif; color: #000000; font-size: 12pt;\">Hallo Herr Meyer!&nbsp;<\/span><\/strong><\/p>\n<p style=\"text-align: justify;\"><span style=\"font-family: tahoma, arial, helvetica, sans-serif; color: #000000; font-size: 12pt;\">Dankesch\u00f6n f\u00fcr die Ostergr\u00fc\u00dfe, auch von meinen Eltern.&nbsp;<\/span><\/p>\n<p style=\"text-align: justify;\"><span style=\"font-family: tahoma, arial, helvetica, sans-serif; color: #000000; font-size: 12pt;\"><a href=\"https:\/\/www.grundschule-am-stadtpark-steglitz.de\/wp-content\/uploads\/2020\/04\/K800_Delisha3-e1587012833966.jpg\"><img loading=\"lazy\" decoding=\"async\" class=\"size-medium wp-image-31368 alignleft\" src=\"https:\/\/www.grundschule-am-stadtpark-steglitz.de\/wp-content\/uploads\/2020\/04\/K800_Delisha3-e1587012833966-146x300.jpg\" alt=\"\" width=\"146\" height=\"300\" srcset=\"https:\/\/www.grundschule-am-stadtpark-steglitz.de\/wp-content\/uploads\/2020\/04\/K800_Delisha3-e1587012833966-146x300.jpg 146w, https:\/\/www.grundschule-am-stadtpark-steglitz.de\/wp-content\/uploads\/2020\/04\/K800_Delisha3-e1587012833966-498x1024.jpg 498w, https:\/\/www.grundschule-am-stadtpark-steglitz.de\/wp-content\/uploads\/2020\/04\/K800_Delisha3-e1587012833966.jpg 600w\" sizes=\"auto, (max-width: 146px) 100vw, 146px\" \/><\/a><a href=\"https:\/\/www.grundschule-am-stadtpark-steglitz.de\/wp-content\/uploads\/2020\/04\/K800_Delisha2-e1587012817897.jpg\"><img loading=\"lazy\" decoding=\"async\" class=\"size-medium wp-image-31367 alignright\" src=\"https:\/\/www.grundschule-am-stadtpark-steglitz.de\/wp-content\/uploads\/2020\/04\/K800_Delisha2-e1587012817897-146x300.jpg\" alt=\"\" width=\"146\" height=\"300\" srcset=\"https:\/\/www.grundschule-am-stadtpark-steglitz.de\/wp-content\/uploads\/2020\/04\/K800_Delisha2-e1587012817897-146x300.jpg 146w, https:\/\/www.grundschule-am-stadtpark-steglitz.de\/wp-content\/uploads\/2020\/04\/K800_Delisha2-e1587012817897-498x1024.jpg 498w, https:\/\/www.grundschule-am-stadtpark-steglitz.de\/wp-content\/uploads\/2020\/04\/K800_Delisha2-e1587012817897.jpg 600w\" sizes=\"auto, (max-width: 146px) 100vw, 146px\" \/><\/a>Ich hatte ein sch\u00f6nes Osterfest mit meiner Familie, aber leider war es trotzdem komisch ohne die ganze Familie an einem Tisch zu sein. Ganz besonders haben uns die Gro\u00dfeltern gefehlt. Meine Schwester und ich haben den Osterhasen nicht gesehen, aber meine Mama, denn er hat eine Post hinterlassen mit der Route, wo er unsere Ostereier versteckt hat :-).<\/span><\/p>\n<p style=\"text-align: justify;\"><span style=\"font-family: tahoma, arial, helvetica, sans-serif; color: #000000; font-size: 12pt;\">In den Ferien waren wir die erste Woche im Hort und da&nbsp;haben wir viele sch\u00f6ne Dinge gemacht, wie zum Beispiel:&nbsp;Filme gedreht oder&nbsp;wie man sich richtig die H\u00e4nde w\u00e4scht in dieser besonderen Zeit und einen abenteuerlichen Ausflug <a href=\"https:\/\/www.grundschule-am-stadtpark-steglitz.de\/wp-content\/uploads\/2020\/04\/K800_Delisha-e1587012938749.jpg\"><img loading=\"lazy\" decoding=\"async\" class=\"wp-image-31366 size-medium alignright\" src=\"https:\/\/www.grundschule-am-stadtpark-steglitz.de\/wp-content\/uploads\/2020\/04\/K800_Delisha-e1587012938749-246x300.jpg\" alt=\"\" width=\"246\" height=\"300\" srcset=\"https:\/\/www.grundschule-am-stadtpark-steglitz.de\/wp-content\/uploads\/2020\/04\/K800_Delisha-e1587012938749-246x300.jpg 246w, https:\/\/www.grundschule-am-stadtpark-steglitz.de\/wp-content\/uploads\/2020\/04\/K800_Delisha-e1587012938749.jpg 592w\" sizes=\"auto, (max-width: 246px) 100vw, 246px\" \/><\/a>in den Urwald.<\/span><\/p>\n<p style=\"text-align: justify;\"><span style=\"font-family: tahoma, arial, helvetica, sans-serif; color: #000000; font-size: 12pt;\">Ansonsten&nbsp;gehen meine Eltern und ich viel joggen, Fahrrad fahren und meine Schwester und ich malen sehr viel und lesen.&nbsp;<\/span><\/p>\n<p style=\"text-align: justify;\"><span style=\"font-family: tahoma, arial, helvetica, sans-serif; color: #000000; font-size: 12pt;\">So, Herr Meyer, ich glaube das reicht erst mal.&nbsp;<\/span><\/p>\n<p style=\"text-align: justify;\"><span style=\"font-family: tahoma, arial, helvetica, sans-serif; color: #000000; font-size: 12pt;\">Viele Gr\u00fc\u00dfe an die Lehrer und die Sch\u00fcler aus der Klasse 4a.<\/span><\/p>\n<p style=\"text-align: justify;\"><strong><span style=\"font-family: tahoma, arial, helvetica, sans-serif; color: #000000; font-size: 12pt;\">Liebe Gr\u00fc\u00dfe<br \/>\nDELISHA&nbsp;<\/span><\/strong><\/p>\n<p style=\"text-align: right;\">18<\/p>\n","protected":false},"excerpt":{"rendered":"<p>Hallo Herr Meyer!&nbsp; Dankesch\u00f6n f\u00fcr die Ostergr\u00fc\u00dfe, auch von meinen Eltern.&nbsp; Ich hatte ein sch\u00f6nes Osterfest mit meiner Familie, aber leider war es trotzdem komisch ohne die ganze Familie an einem Tisch zu sein. Ganz besonders haben uns die Gro\u00dfeltern gefehlt. Meine Schwester und ich haben den Osterhasen nicht gesehen, aber meine Mama, denn er<\/p>\n<p><a class=\"more-link\" href=\"https:\/\/www.grundschule-am-stadtpark-steglitz.de\/?p=31364\">Mehr&#8230;<\/a><\/p>\n","protected":false},"author":2,"featured_media":0,"comment_status":"closed","ping_status":"closed","sticky":false,"template":"","format":"standard","meta":{"ngg_post_thumbnail":0,"footnotes":""},"categories":[6,83],"tags":[],"class_list":["post-31364","post","type-post","status-publish","format-standard","hentry","category-aktuelles","category-schule-zu-hause"],"_links":{"self":[{"href":"https:\/\/www.grundschule-am-stadtpark-steglitz.de\/index.php?rest_route=\/wp\/v2\/posts\/31364","targetHints":{"allow":["GET"]}}],"collection":[{"href":"https:\/\/www.grundschule-am-stadtpark-steglitz.de\/index.php?rest_route=\/wp\/v2\/posts"}],"about":[{"href":"https:\/\/www.grundschule-am-stadtpark-steglitz.de\/index.php?rest_route=\/wp\/v2\/types\/post"}],"author":[{"embeddable":true,"href":"https:\/\/www.grundschule-am-stadtpark-steglitz.de\/index.php?rest_route=\/wp\/v2\/users\/2"}],"replies":[{"embeddable":true,"href":"https:\/\/www.grundschule-am-stadtpark-steglitz.de\/index.php?rest_route=%2Fwp%2Fv2%2Fcomments&post=31364"}],"version-history":[{"count":8,"href":"https:\/\/www.grundschule-am-stadtpark-steglitz.de\/index.php?rest_route=\/wp\/v2\/posts\/31364\/revisions"}],"predecessor-version":[{"id":31375,"href":"https:\/\/www.grundschule-am-stadtpark-steglitz.de\/index.php?rest_route=\/wp\/v2\/posts\/31364\/revisions\/31375"}],"wp:attachment":[{"href":"https:\/\/www.grundschule-am-stadtpark-steglitz.de\/index.php?rest_route=%2Fwp%2Fv2%2Fmedia&parent=31364"}],"wp:term":[{"taxonomy":"category","embeddable":true,"href":"https:\/\/www.grundschule-am-stadtpark-steglitz.de\/index.php?rest_route=%2Fwp%2Fv2%2Fcategories&post=31364"},{"taxonomy":"post_tag","embeddable":true,"href":"https:\/\/www.grundschule-am-stadtpark-steglitz.de\/index.php?rest_route=%2Fwp%2Fv2%2Ftags&post=31364"}],"curies":[{"name":"wp","href":"https:\/\/api.w.org\/{rel}","templated":true}]}}