{"id":23902,"date":"2018-05-13T06:10:15","date_gmt":"2018-05-13T04:10:15","guid":{"rendered":"http:\/\/www.grundschule-am-stadtpark-steglitz.de\/?p=23902"},"modified":"2018-05-13T06:10:15","modified_gmt":"2018-05-13T04:10:15","slug":"premiere-vorhang-auf-und-buehne-frei","status":"publish","type":"post","link":"https:\/\/www.grundschule-am-stadtpark-steglitz.de\/?p=23902","title":{"rendered":"PREMIERE: Vorhang auf und B\u00fchne frei!"},"content":{"rendered":"<p style=\"text-align: justify;\"><span style=\"font-size: 14pt;\"><strong><span style=\"color: #000000; font-family: comic\\ sans\\ ms, sans-serif;\"><a href=\"http:\/\/www.grundschule-am-stadtpark-steglitz.de\/wp-content\/uploads\/2018\/05\/K800_0-1.jpg\"><img loading=\"lazy\" decoding=\"async\" class=\"wp-image-23904 size-medium alignleft\" src=\"http:\/\/www.grundschule-am-stadtpark-steglitz.de\/wp-content\/uploads\/2018\/05\/K800_0-1-e1526099699403-300x120.jpg\" alt=\"\" width=\"300\" height=\"120\" srcset=\"https:\/\/www.grundschule-am-stadtpark-steglitz.de\/wp-content\/uploads\/2018\/05\/K800_0-1-e1526099699403-300x120.jpg 300w, https:\/\/www.grundschule-am-stadtpark-steglitz.de\/wp-content\/uploads\/2018\/05\/K800_0-1-e1526099699403-768x306.jpg 768w, https:\/\/www.grundschule-am-stadtpark-steglitz.de\/wp-content\/uploads\/2018\/05\/K800_0-1-e1526099699403.jpg 805w\" sizes=\"auto, (max-width: 300px) 100vw, 300px\" \/><\/a>Erstmalig in unserer noch jungen Schulhistorie hie\u00df es auch f\u00fcr unsere unsere Dritt- und <\/span><\/strong><\/span><span style=\"font-size: 14pt;\"><strong><span style=\"color: #000000; font-family: comic\\ sans\\ ms, sans-serif;\"><img loading=\"lazy\" decoding=\"async\" class=\"alignright\" src=\"https:\/\/www.gif-paradies.de\/gifs\/menschen-laender\/lesend\/lesend_0005.gif\" alt=\"\" width=\"65\" height=\"75\" border=\"0\" \/><\/span><\/strong><\/span><span style=\"font-size: 14pt;\"><strong><span style=\"color: #000000; font-family: comic\\ sans\\ ms, sans-serif;\">Viertkl\u00e4ssler*innen, Ihr Lesek\u00f6nnen im Rahmen eines <span style=\"font-size: 18pt;\">Vorlesewettbewerbes<\/span> unter Beweis zu stellen.<\/span><\/strong><\/span><\/p>\n<p style=\"text-align: justify;\"><span style=\"color: #000000; font-size: 12pt; font-family: comic\\ sans\\ ms, sans-serif;\"><strong>Am 4. Mai 2018 hatten die jeweils Klassenbesten der Jahrg\u00e4nge 3 und 4 Gelegenheit, ihr Lieblingsbuch einer Jury vorzustellen.<\/strong> <\/span><\/p>\n<p style=\"text-align: justify;\"><a href=\"http:\/\/www.grundschule-am-stadtpark-steglitz.de\/wp-content\/uploads\/2018\/05\/K800_2-2.jpg\"><img loading=\"lazy\" decoding=\"async\" class=\"alignnone size-medium wp-image-23906\" src=\"http:\/\/www.grundschule-am-stadtpark-steglitz.de\/wp-content\/uploads\/2018\/05\/K800_2-2-300x200.jpg\" alt=\"\" width=\"300\" height=\"200\" srcset=\"https:\/\/www.grundschule-am-stadtpark-steglitz.de\/wp-content\/uploads\/2018\/05\/K800_2-2-300x200.jpg 300w, https:\/\/www.grundschule-am-stadtpark-steglitz.de\/wp-content\/uploads\/2018\/05\/K800_2-2-768x512.jpg 768w, https:\/\/www.grundschule-am-stadtpark-steglitz.de\/wp-content\/uploads\/2018\/05\/K800_2-2.jpg 900w\" sizes=\"auto, (max-width: 300px) 100vw, 300px\" \/><\/a> <a href=\"http:\/\/www.grundschule-am-stadtpark-steglitz.de\/wp-content\/uploads\/2018\/05\/K800_1-2.jpg\"><img loading=\"lazy\" decoding=\"async\" class=\"alignnone size-medium wp-image-23905\" src=\"http:\/\/www.grundschule-am-stadtpark-steglitz.de\/wp-content\/uploads\/2018\/05\/K800_1-2-300x200.jpg\" alt=\"\" width=\"300\" height=\"200\" srcset=\"https:\/\/www.grundschule-am-stadtpark-steglitz.de\/wp-content\/uploads\/2018\/05\/K800_1-2-300x200.jpg 300w, https:\/\/www.grundschule-am-stadtpark-steglitz.de\/wp-content\/uploads\/2018\/05\/K800_1-2-768x512.jpg 768w, https:\/\/www.grundschule-am-stadtpark-steglitz.de\/wp-content\/uploads\/2018\/05\/K800_1-2.jpg 900w\" sizes=\"auto, (max-width: 300px) 100vw, 300px\" \/><\/a><\/p>\n<p style=\"text-align: justify;\"><span style=\"color: #000000; font-size: 12pt; font-family: comic\\ sans\\ ms, sans-serif;\">Das war ziemlich aufregend! Denn im \u201eBlauen Raum\u201c sa\u00dfen nicht nur die anderen Vorleser*innen\u2026jeder durfte zus\u00e4tzlich noch eine\/n Unterst\u00fctzer*in aus der Klasse mitbringen. Und da waren ja auch noch die Jury-Mitglieder*innen: die Lesepatin Fr. Erler, die ehemalige Lehrerin unserer Schule Fr. Thiel, unsere Schulsozialarbeiterin Fr. Atzler und Hr. Meyer. Es war also ziemlich voll.<\/span><\/p>\n<p style=\"text-align: justify;\"><a href=\"http:\/\/www.grundschule-am-stadtpark-steglitz.de\/wp-content\/uploads\/2018\/05\/K800_10-2.jpg\"><img loading=\"lazy\" decoding=\"async\" class=\"alignnone size-full wp-image-23926\" src=\"http:\/\/www.grundschule-am-stadtpark-steglitz.de\/wp-content\/uploads\/2018\/05\/K800_10-2.jpg\" alt=\"\" width=\"900\" height=\"600\" srcset=\"https:\/\/www.grundschule-am-stadtpark-steglitz.de\/wp-content\/uploads\/2018\/05\/K800_10-2.jpg 900w, https:\/\/www.grundschule-am-stadtpark-steglitz.de\/wp-content\/uploads\/2018\/05\/K800_10-2-300x200.jpg 300w, https:\/\/www.grundschule-am-stadtpark-steglitz.de\/wp-content\/uploads\/2018\/05\/K800_10-2-768x512.jpg 768w\" sizes=\"auto, (max-width: 900px) 100vw, 900px\" \/><\/a><\/p>\n<p style=\"text-align: justify;\"><span style=\"color: #000000; font-size: 12pt; font-family: comic\\ sans\\ ms, sans-serif;\">Eine Besonderheit war, dass zu jedem Buchvortrag ein Plakat von den Vorleser*innen entworfen und pr\u00e4sentiert wurde. Auf diesem standen Informationen \u00fcber das selbst ausgew\u00e4hlte Lieblingsbuch. Alle Teilnehmer*innen hatten super-tolle Pr\u00e4sentationen erarbeitet. Wirklich klasse!<\/span><\/p>\n<p style=\"text-align: justify;\"><a href=\"http:\/\/www.grundschule-am-stadtpark-steglitz.de\/wp-content\/uploads\/2018\/05\/K800_3a.jpg\"><img loading=\"lazy\" decoding=\"async\" class=\"alignnone size-medium wp-image-23912\" src=\"http:\/\/www.grundschule-am-stadtpark-steglitz.de\/wp-content\/uploads\/2018\/05\/K800_3a-300x200.jpg\" alt=\"\" width=\"300\" height=\"200\" srcset=\"https:\/\/www.grundschule-am-stadtpark-steglitz.de\/wp-content\/uploads\/2018\/05\/K800_3a-300x200.jpg 300w, https:\/\/www.grundschule-am-stadtpark-steglitz.de\/wp-content\/uploads\/2018\/05\/K800_3a-768x512.jpg 768w, https:\/\/www.grundschule-am-stadtpark-steglitz.de\/wp-content\/uploads\/2018\/05\/K800_3a.jpg 900w\" sizes=\"auto, (max-width: 300px) 100vw, 300px\" \/><\/a> <a href=\"http:\/\/www.grundschule-am-stadtpark-steglitz.de\/wp-content\/uploads\/2018\/05\/K800_3b.jpg\"><img loading=\"lazy\" decoding=\"async\" class=\"alignnone size-medium wp-image-23913\" src=\"http:\/\/www.grundschule-am-stadtpark-steglitz.de\/wp-content\/uploads\/2018\/05\/K800_3b-300x200.jpg\" alt=\"\" width=\"300\" height=\"200\" srcset=\"https:\/\/www.grundschule-am-stadtpark-steglitz.de\/wp-content\/uploads\/2018\/05\/K800_3b-300x200.jpg 300w, https:\/\/www.grundschule-am-stadtpark-steglitz.de\/wp-content\/uploads\/2018\/05\/K800_3b-768x512.jpg 768w, https:\/\/www.grundschule-am-stadtpark-steglitz.de\/wp-content\/uploads\/2018\/05\/K800_3b.jpg 900w\" sizes=\"auto, (max-width: 300px) 100vw, 300px\" \/><\/a><\/p>\n<p style=\"text-align: justify;\"><a href=\"http:\/\/www.grundschule-am-stadtpark-steglitz.de\/wp-content\/uploads\/2018\/05\/K800_4a.jpg\"><img loading=\"lazy\" decoding=\"async\" class=\"alignnone size-medium wp-image-23914\" src=\"http:\/\/www.grundschule-am-stadtpark-steglitz.de\/wp-content\/uploads\/2018\/05\/K800_4a-300x200.jpg\" alt=\"\" width=\"300\" height=\"200\" srcset=\"https:\/\/www.grundschule-am-stadtpark-steglitz.de\/wp-content\/uploads\/2018\/05\/K800_4a-300x200.jpg 300w, https:\/\/www.grundschule-am-stadtpark-steglitz.de\/wp-content\/uploads\/2018\/05\/K800_4a-768x512.jpg 768w, https:\/\/www.grundschule-am-stadtpark-steglitz.de\/wp-content\/uploads\/2018\/05\/K800_4a.jpg 900w\" sizes=\"auto, (max-width: 300px) 100vw, 300px\" \/><\/a> <a href=\"http:\/\/www.grundschule-am-stadtpark-steglitz.de\/wp-content\/uploads\/2018\/05\/K800_4b.jpg\"><img loading=\"lazy\" decoding=\"async\" class=\"alignnone size-medium wp-image-23915\" src=\"http:\/\/www.grundschule-am-stadtpark-steglitz.de\/wp-content\/uploads\/2018\/05\/K800_4b-300x200.jpg\" alt=\"\" width=\"300\" height=\"200\" srcset=\"https:\/\/www.grundschule-am-stadtpark-steglitz.de\/wp-content\/uploads\/2018\/05\/K800_4b-300x200.jpg 300w, https:\/\/www.grundschule-am-stadtpark-steglitz.de\/wp-content\/uploads\/2018\/05\/K800_4b-768x512.jpg 768w, https:\/\/www.grundschule-am-stadtpark-steglitz.de\/wp-content\/uploads\/2018\/05\/K800_4b.jpg 900w\" sizes=\"auto, (max-width: 300px) 100vw, 300px\" \/><\/a><\/p>\n<p style=\"text-align: justify;\"><span style=\"color: #000000; font-size: 12pt; font-family: comic\\ sans\\ ms, sans-serif;\">Abschlie\u00dfend musste von allen Teilnehmer*innen eine Passage eines fremden Textes aus der zahlreichen Kinderb\u00fccherwelt Astrid Lindgrens vorgelesen werden.<\/span><\/p>\n<p style=\"text-align: justify;\"><a href=\"http:\/\/www.grundschule-am-stadtpark-steglitz.de\/wp-content\/uploads\/2018\/05\/K800_5a-1.jpg\"><img loading=\"lazy\" decoding=\"async\" class=\"alignnone size-medium wp-image-23916\" src=\"http:\/\/www.grundschule-am-stadtpark-steglitz.de\/wp-content\/uploads\/2018\/05\/K800_5a-1-300x200.jpg\" alt=\"\" width=\"300\" height=\"200\" srcset=\"https:\/\/www.grundschule-am-stadtpark-steglitz.de\/wp-content\/uploads\/2018\/05\/K800_5a-1-300x200.jpg 300w, https:\/\/www.grundschule-am-stadtpark-steglitz.de\/wp-content\/uploads\/2018\/05\/K800_5a-1-768x512.jpg 768w, https:\/\/www.grundschule-am-stadtpark-steglitz.de\/wp-content\/uploads\/2018\/05\/K800_5a-1.jpg 900w\" sizes=\"auto, (max-width: 300px) 100vw, 300px\" \/><\/a> <a href=\"http:\/\/www.grundschule-am-stadtpark-steglitz.de\/wp-content\/uploads\/2018\/05\/K800_5b.jpg\"><img loading=\"lazy\" decoding=\"async\" class=\"alignnone size-medium wp-image-23917\" src=\"http:\/\/www.grundschule-am-stadtpark-steglitz.de\/wp-content\/uploads\/2018\/05\/K800_5b-300x200.jpg\" alt=\"\" width=\"300\" height=\"200\" srcset=\"https:\/\/www.grundschule-am-stadtpark-steglitz.de\/wp-content\/uploads\/2018\/05\/K800_5b-300x200.jpg 300w, https:\/\/www.grundschule-am-stadtpark-steglitz.de\/wp-content\/uploads\/2018\/05\/K800_5b-768x512.jpg 768w, https:\/\/www.grundschule-am-stadtpark-steglitz.de\/wp-content\/uploads\/2018\/05\/K800_5b.jpg 900w\" sizes=\"auto, (max-width: 300px) 100vw, 300px\" \/><\/a><\/p>\n<p style=\"text-align: justify;\"><a href=\"http:\/\/www.grundschule-am-stadtpark-steglitz.de\/wp-content\/uploads\/2018\/05\/K800_6a.jpg\"><img loading=\"lazy\" decoding=\"async\" class=\"alignnone size-medium wp-image-23918\" src=\"http:\/\/www.grundschule-am-stadtpark-steglitz.de\/wp-content\/uploads\/2018\/05\/K800_6a-300x200.jpg\" alt=\"\" width=\"300\" height=\"200\" srcset=\"https:\/\/www.grundschule-am-stadtpark-steglitz.de\/wp-content\/uploads\/2018\/05\/K800_6a-300x200.jpg 300w, https:\/\/www.grundschule-am-stadtpark-steglitz.de\/wp-content\/uploads\/2018\/05\/K800_6a-768x512.jpg 768w, https:\/\/www.grundschule-am-stadtpark-steglitz.de\/wp-content\/uploads\/2018\/05\/K800_6a.jpg 900w\" sizes=\"auto, (max-width: 300px) 100vw, 300px\" \/><\/a> <a href=\"http:\/\/www.grundschule-am-stadtpark-steglitz.de\/wp-content\/uploads\/2018\/05\/K800_6b.jpg\"><img loading=\"lazy\" decoding=\"async\" class=\"alignnone size-medium wp-image-23919\" src=\"http:\/\/www.grundschule-am-stadtpark-steglitz.de\/wp-content\/uploads\/2018\/05\/K800_6b-300x200.jpg\" alt=\"\" width=\"300\" height=\"200\" srcset=\"https:\/\/www.grundschule-am-stadtpark-steglitz.de\/wp-content\/uploads\/2018\/05\/K800_6b-300x200.jpg 300w, https:\/\/www.grundschule-am-stadtpark-steglitz.de\/wp-content\/uploads\/2018\/05\/K800_6b-768x512.jpg 768w, https:\/\/www.grundschule-am-stadtpark-steglitz.de\/wp-content\/uploads\/2018\/05\/K800_6b.jpg 900w\" sizes=\"auto, (max-width: 300px) 100vw, 300px\" \/><\/a><\/p>\n<p style=\"text-align: justify;\"><span style=\"color: #000000; font-size: 12pt; font-family: comic\\ sans\\ ms, sans-serif;\">Ich hatte das Vergn\u00fcgen, dieses Highlight moderieren zu d\u00fcrfen und nunmehr f\u00fcr die gesamte Jury folgendes Fazit auch an dieser Stelle zu formulieren:<em> \u201e Es hat uns viel Freude gemacht, euch zuzuh\u00f6ren!\u201c.<\/em><\/span><\/p>\n<p style=\"text-align: justify;\"><a href=\"http:\/\/www.grundschule-am-stadtpark-steglitz.de\/wp-content\/uploads\/2018\/05\/K800_7a.jpg\"><img loading=\"lazy\" decoding=\"async\" class=\"alignnone size-medium wp-image-23920\" src=\"http:\/\/www.grundschule-am-stadtpark-steglitz.de\/wp-content\/uploads\/2018\/05\/K800_7a-300x200.jpg\" alt=\"\" width=\"300\" height=\"200\" srcset=\"https:\/\/www.grundschule-am-stadtpark-steglitz.de\/wp-content\/uploads\/2018\/05\/K800_7a-300x200.jpg 300w, https:\/\/www.grundschule-am-stadtpark-steglitz.de\/wp-content\/uploads\/2018\/05\/K800_7a-768x512.jpg 768w, https:\/\/www.grundschule-am-stadtpark-steglitz.de\/wp-content\/uploads\/2018\/05\/K800_7a.jpg 900w\" sizes=\"auto, (max-width: 300px) 100vw, 300px\" \/><\/a> <a href=\"http:\/\/www.grundschule-am-stadtpark-steglitz.de\/wp-content\/uploads\/2018\/05\/K800_7b.jpg\"><img loading=\"lazy\" decoding=\"async\" class=\"alignnone size-medium wp-image-23921\" src=\"http:\/\/www.grundschule-am-stadtpark-steglitz.de\/wp-content\/uploads\/2018\/05\/K800_7b-300x200.jpg\" alt=\"\" width=\"300\" height=\"200\" srcset=\"https:\/\/www.grundschule-am-stadtpark-steglitz.de\/wp-content\/uploads\/2018\/05\/K800_7b-300x200.jpg 300w, https:\/\/www.grundschule-am-stadtpark-steglitz.de\/wp-content\/uploads\/2018\/05\/K800_7b-768x512.jpg 768w, https:\/\/www.grundschule-am-stadtpark-steglitz.de\/wp-content\/uploads\/2018\/05\/K800_7b.jpg 900w\" sizes=\"auto, (max-width: 300px) 100vw, 300px\" \/><\/a><\/p>\n<p style=\"text-align: justify;\"><a href=\"http:\/\/www.grundschule-am-stadtpark-steglitz.de\/wp-content\/uploads\/2018\/05\/K800_8a.jpg\"><img loading=\"lazy\" decoding=\"async\" class=\"alignnone size-medium wp-image-23922\" src=\"http:\/\/www.grundschule-am-stadtpark-steglitz.de\/wp-content\/uploads\/2018\/05\/K800_8a-300x200.jpg\" alt=\"\" width=\"300\" height=\"200\" srcset=\"https:\/\/www.grundschule-am-stadtpark-steglitz.de\/wp-content\/uploads\/2018\/05\/K800_8a-300x200.jpg 300w, https:\/\/www.grundschule-am-stadtpark-steglitz.de\/wp-content\/uploads\/2018\/05\/K800_8a-768x512.jpg 768w, https:\/\/www.grundschule-am-stadtpark-steglitz.de\/wp-content\/uploads\/2018\/05\/K800_8a.jpg 900w\" sizes=\"auto, (max-width: 300px) 100vw, 300px\" \/><\/a> <a href=\"http:\/\/www.grundschule-am-stadtpark-steglitz.de\/wp-content\/uploads\/2018\/05\/K800_8b.jpg\"><img loading=\"lazy\" decoding=\"async\" class=\"alignnone size-medium wp-image-23923\" src=\"http:\/\/www.grundschule-am-stadtpark-steglitz.de\/wp-content\/uploads\/2018\/05\/K800_8b-300x200.jpg\" alt=\"\" width=\"300\" height=\"200\" srcset=\"https:\/\/www.grundschule-am-stadtpark-steglitz.de\/wp-content\/uploads\/2018\/05\/K800_8b-300x200.jpg 300w, https:\/\/www.grundschule-am-stadtpark-steglitz.de\/wp-content\/uploads\/2018\/05\/K800_8b-768x512.jpg 768w, https:\/\/www.grundschule-am-stadtpark-steglitz.de\/wp-content\/uploads\/2018\/05\/K800_8b.jpg 900w\" sizes=\"auto, (max-width: 300px) 100vw, 300px\" \/><\/a><\/p>\n<p style=\"text-align: justify;\"><span style=\"color: #000000; font-size: 12pt; font-family: comic\\ sans\\ ms, sans-serif;\">Wie beeindruckend es allen Vorleser*innen gelang, ihr Lesek\u00f6nnen zu pr\u00e4sentieren, sehen wir auf den Fotos und wird nicht nur der Jury im Ged\u00e4chtnis bleiben.<\/span><\/p>\n<p style=\"text-align: justify;\"><a href=\"http:\/\/www.grundschule-am-stadtpark-steglitz.de\/wp-content\/uploads\/2018\/05\/K800_9a.jpg\"><img loading=\"lazy\" decoding=\"async\" class=\"alignnone size-medium wp-image-23924\" src=\"http:\/\/www.grundschule-am-stadtpark-steglitz.de\/wp-content\/uploads\/2018\/05\/K800_9a-300x200.jpg\" alt=\"\" width=\"300\" height=\"200\" srcset=\"https:\/\/www.grundschule-am-stadtpark-steglitz.de\/wp-content\/uploads\/2018\/05\/K800_9a-300x200.jpg 300w, https:\/\/www.grundschule-am-stadtpark-steglitz.de\/wp-content\/uploads\/2018\/05\/K800_9a-768x512.jpg 768w, https:\/\/www.grundschule-am-stadtpark-steglitz.de\/wp-content\/uploads\/2018\/05\/K800_9a.jpg 900w\" sizes=\"auto, (max-width: 300px) 100vw, 300px\" \/><\/a> <a href=\"http:\/\/www.grundschule-am-stadtpark-steglitz.de\/wp-content\/uploads\/2018\/05\/K800_9b.jpg\"><img loading=\"lazy\" decoding=\"async\" class=\"alignnone size-medium wp-image-23925\" src=\"http:\/\/www.grundschule-am-stadtpark-steglitz.de\/wp-content\/uploads\/2018\/05\/K800_9b-300x200.jpg\" alt=\"\" width=\"300\" height=\"200\" srcset=\"https:\/\/www.grundschule-am-stadtpark-steglitz.de\/wp-content\/uploads\/2018\/05\/K800_9b-300x200.jpg 300w, https:\/\/www.grundschule-am-stadtpark-steglitz.de\/wp-content\/uploads\/2018\/05\/K800_9b-768x512.jpg 768w, https:\/\/www.grundschule-am-stadtpark-steglitz.de\/wp-content\/uploads\/2018\/05\/K800_9b.jpg 900w\" sizes=\"auto, (max-width: 300px) 100vw, 300px\" \/><\/a><\/p>\n<p style=\"text-align: justify;\"><span style=\"color: #000000; font-size: 12pt; font-family: comic\\ sans\\ ms, sans-serif;\"><strong>Mit dabei waren: Luisa aus der 3d, Medina 3c, Anna-Luisa 3b, Klara 3a, Yigit 4c, Niklas 4b und Greta aus der 4a.<\/strong><\/span><\/p>\n<p style=\"text-align: center;\"><span style=\"color: #000000; font-size: 12pt; font-family: comic\\ sans\\ ms, sans-serif;\">Als <span style=\"font-size: 14pt;\"><strong>Gewinnerinnen <\/strong><\/span>k\u00fcrten wir vor gro\u00dfem Publikum in unserem Musikraum<br \/>\n<span style=\"font-size: 14pt; background-color: #ffff00;\"><span style=\"font-size: 18pt;\"><strong>Luisa (3d)<\/strong><\/span> und <span style=\"font-size: 18pt;\"><strong>Greta (4a)<\/strong><\/span><\/span>.<\/span><\/p>\n<p style=\"text-align: justify;\"><a href=\"http:\/\/www.grundschule-am-stadtpark-steglitz.de\/wp-content\/uploads\/2018\/05\/K800_11-2.jpg\"><img loading=\"lazy\" decoding=\"async\" class=\"alignnone size-full wp-image-23927\" src=\"http:\/\/www.grundschule-am-stadtpark-steglitz.de\/wp-content\/uploads\/2018\/05\/K800_11-2.jpg\" alt=\"\" width=\"900\" height=\"600\" srcset=\"https:\/\/www.grundschule-am-stadtpark-steglitz.de\/wp-content\/uploads\/2018\/05\/K800_11-2.jpg 900w, https:\/\/www.grundschule-am-stadtpark-steglitz.de\/wp-content\/uploads\/2018\/05\/K800_11-2-300x200.jpg 300w, https:\/\/www.grundschule-am-stadtpark-steglitz.de\/wp-content\/uploads\/2018\/05\/K800_11-2-768x512.jpg 768w\" sizes=\"auto, (max-width: 900px) 100vw, 900px\" \/><\/a><\/p>\n<p style=\"text-align: justify;\"><span style=\"color: #000000; font-size: 12pt; font-family: comic\\ sans\\ ms, sans-serif;\">Beide erhielten eine Siegerurkunde und durften sich wie alle anderen Teilnehmer*innen auch ein Buch aussuchen. Denn zu Hause geht das Lesen ja weiter \ud83d\ude00 .<\/span><\/p>\n<p style=\"text-align: justify;\"><a href=\"http:\/\/www.grundschule-am-stadtpark-steglitz.de\/wp-content\/uploads\/2018\/05\/K800_13-2.jpg\"><img loading=\"lazy\" decoding=\"async\" class=\"alignnone size-medium wp-image-23929\" src=\"http:\/\/www.grundschule-am-stadtpark-steglitz.de\/wp-content\/uploads\/2018\/05\/K800_13-2-300x200.jpg\" alt=\"\" width=\"300\" height=\"200\" srcset=\"https:\/\/www.grundschule-am-stadtpark-steglitz.de\/wp-content\/uploads\/2018\/05\/K800_13-2-300x200.jpg 300w, https:\/\/www.grundschule-am-stadtpark-steglitz.de\/wp-content\/uploads\/2018\/05\/K800_13-2-768x512.jpg 768w, https:\/\/www.grundschule-am-stadtpark-steglitz.de\/wp-content\/uploads\/2018\/05\/K800_13-2.jpg 900w\" sizes=\"auto, (max-width: 300px) 100vw, 300px\" \/><\/a> <a href=\"http:\/\/www.grundschule-am-stadtpark-steglitz.de\/wp-content\/uploads\/2018\/05\/K800_12-2.jpg\"><img loading=\"lazy\" decoding=\"async\" class=\"alignnone size-medium wp-image-23928\" src=\"http:\/\/www.grundschule-am-stadtpark-steglitz.de\/wp-content\/uploads\/2018\/05\/K800_12-2-300x200.jpg\" alt=\"\" width=\"300\" height=\"200\" srcset=\"https:\/\/www.grundschule-am-stadtpark-steglitz.de\/wp-content\/uploads\/2018\/05\/K800_12-2-300x200.jpg 300w, https:\/\/www.grundschule-am-stadtpark-steglitz.de\/wp-content\/uploads\/2018\/05\/K800_12-2-768x512.jpg 768w, https:\/\/www.grundschule-am-stadtpark-steglitz.de\/wp-content\/uploads\/2018\/05\/K800_12-2.jpg 900w\" sizes=\"auto, (max-width: 300px) 100vw, 300px\" \/><\/a><\/p>\n<p style=\"text-align: center;\"><span style=\"font-size: 24pt; font-family: comic\\ sans\\ ms, sans-serif;\"><strong><span style=\"color: #000000;\">H<span style=\"color: #ff0000;\">E<\/span><span style=\"color: #993300;\">R<\/span><span style=\"color: #ff6600;\">Z<\/span><span style=\"color: #99cc00;\">L<\/span><span style=\"color: #008000;\">I<\/span><span style=\"color: #0000ff;\">C<\/span><span style=\"color: #00ccff;\">H<\/span><span style=\"color: #800080;\">E<\/span><span style=\"color: #ff00ff;\">N<\/span> <span style=\"color: #800000;\">G<\/span><span style=\"color: #ff0000;\">L<\/span><span style=\"color: #993300;\">\u00dc<\/span><span style=\"color: #ff6600;\">C<\/span><span style=\"color: #99cc00;\">K<\/span><span style=\"color: #008000;\">W<\/span><span style=\"color: #0000ff;\">U<\/span><span style=\"color: #00ccff;\">N<\/span><span style=\"color: #800080;\">S<\/span><span style=\"color: #ff00ff;\">C<\/span><span style=\"color: #ff0000;\">H<\/span><span style=\"color: #993300;\">!<\/span><\/span><\/strong><\/span><\/p>\n<p style=\"text-align: justify;\"><span style=\"color: #000000; font-size: 12pt; font-family: comic\\ sans\\ ms, sans-serif;\">Mein pers\u00f6nlicher Dank richtet sich an Fr. Bartels, die mich zuverl\u00e4ssig unterst\u00fctzte, Fr. Gransee, die mit spontanen Klaviereinlagen die Sonne herbei- und uns ein stilles L\u00e4cheln ins Gesicht zauberte. \u2026und nicht zuletzt auch an Fr. Wagatha, die mir bei vielen organisatorischen Dingen helfend zur Seite stand.<\/span><\/p>\n<p style=\"text-align: justify;\"><span style=\"color: #000000; font-size: 12pt; font-family: comic\\ sans\\ ms, sans-serif;\"><img loading=\"lazy\" decoding=\"async\" class=\"alignright\" src=\"https:\/\/www.gif-paradies.de\/gifs\/menschen-laender\/lesend\/lesend_0004.gif\" alt=\"\" width=\"65\" height=\"75\" border=\"0\" \/>Und nach dem Vorlesewettbewerb ist sowieso auch vor dem Vorlesewettbewerb. Bis dahin hei\u00dft es: lesen, lesen und auch lesen.<\/span><\/p>\n<p style=\"text-align: justify;\"><span style=\"color: #000000; font-size: 12pt; font-family: comic\\ sans\\ ms, sans-serif;\">Viel Spa\u00df dabei!<\/span><\/p>\n<p style=\"text-align: justify;\"><span style=\"color: #000000; font-size: 12pt; font-family: comic\\ sans\\ ms, sans-serif;\">B. Worch<\/span><\/p>\n","protected":false},"excerpt":{"rendered":"<p>Erstmalig in unserer noch jungen Schulhistorie hie\u00df es auch f\u00fcr unsere unsere Dritt- und Viertkl\u00e4ssler*innen, Ihr Lesek\u00f6nnen im Rahmen eines Vorlesewettbewerbes unter Beweis zu stellen. Am 4. Mai 2018 hatten die jeweils Klassenbesten der Jahrg\u00e4nge 3 und 4 Gelegenheit, ihr Lieblingsbuch einer Jury vorzustellen. Das war ziemlich aufregend! Denn im \u201eBlauen Raum\u201c sa\u00dfen nicht nur<\/p>\n<p><a class=\"more-link\" href=\"https:\/\/www.grundschule-am-stadtpark-steglitz.de\/?p=23902\">Mehr&#8230;<\/a><\/p>\n","protected":false},"author":2,"featured_media":0,"comment_status":"closed","ping_status":"closed","sticky":false,"template":"","format":"standard","meta":{"ngg_post_thumbnail":0,"footnotes":""},"categories":[6,21],"tags":[],"class_list":["post-23902","post","type-post","status-publish","format-standard","hentry","category-aktuelles","category-wettbewerbe"],"_links":{"self":[{"href":"https:\/\/www.grundschule-am-stadtpark-steglitz.de\/index.php?rest_route=\/wp\/v2\/posts\/23902","targetHints":{"allow":["GET"]}}],"collection":[{"href":"https:\/\/www.grundschule-am-stadtpark-steglitz.de\/index.php?rest_route=\/wp\/v2\/posts"}],"about":[{"href":"https:\/\/www.grundschule-am-stadtpark-steglitz.de\/index.php?rest_route=\/wp\/v2\/types\/post"}],"author":[{"embeddable":true,"href":"https:\/\/www.grundschule-am-stadtpark-steglitz.de\/index.php?rest_route=\/wp\/v2\/users\/2"}],"replies":[{"embeddable":true,"href":"https:\/\/www.grundschule-am-stadtpark-steglitz.de\/index.php?rest_route=%2Fwp%2Fv2%2Fcomments&post=23902"}],"version-history":[{"count":23,"href":"https:\/\/www.grundschule-am-stadtpark-steglitz.de\/index.php?rest_route=\/wp\/v2\/posts\/23902\/revisions"}],"predecessor-version":[{"id":23947,"href":"https:\/\/www.grundschule-am-stadtpark-steglitz.de\/index.php?rest_route=\/wp\/v2\/posts\/23902\/revisions\/23947"}],"wp:attachment":[{"href":"https:\/\/www.grundschule-am-stadtpark-steglitz.de\/index.php?rest_route=%2Fwp%2Fv2%2Fmedia&parent=23902"}],"wp:term":[{"taxonomy":"category","embeddable":true,"href":"https:\/\/www.grundschule-am-stadtpark-steglitz.de\/index.php?rest_route=%2Fwp%2Fv2%2Fcategories&post=23902"},{"taxonomy":"post_tag","embeddable":true,"href":"https:\/\/www.grundschule-am-stadtpark-steglitz.de\/index.php?rest_route=%2Fwp%2Fv2%2Ftags&post=23902"}],"curies":[{"name":"wp","href":"https:\/\/api.w.org\/{rel}","templated":true}]}}